{"id":3395,"date":"2023-05-04T08:13:33","date_gmt":"2023-05-04T08:13:33","guid":{"rendered":"https:\/\/tus08senne1-fussball.de\/?p=3395"},"modified":"2023-05-04T08:15:17","modified_gmt":"2023-05-04T08:15:17","slug":"charakterfrage-am-meierteich-a-jugend-spielt-remis","status":"publish","type":"post","link":"https:\/\/tus08senne1-fussball.de\/?p=3395","title":{"rendered":"Charakterfrage am Meierteich: A-Jugend spielt Remis"},"content":{"rendered":"<p style=\"font-weight: 400;\">Charakterfrage am Meierteich!<\/p>\n<p style=\"font-weight: 400;\">Am vergangenen Sonntag war die A-Jugendvertretung des TuS 08 Senne I zum Gastspiel beim SCB 04\/26 Bielefeld zu Besuch. Die Ansto\u00dfzeit wurde auf 15 Uhr verlegt.\u00a0Nach der ersten Niederlage gegen den SV Gadderbaum, konnte man das anschlie\u00dfende Spiel gegen den VfB Fichte souver\u00e4n mit 5:2 gewinnen.<\/p>\n<p style=\"font-weight: 400;\">Die Vorzeichen f\u00fcr das Gastspiel am Meierteich waren nicht gerade vielversprechend. So mussten aus dem Kader 3 Spieler in den Seniorenbereich abgegeben werden. Verletzungen und private Verhinderungen d\u00fcnnten den Kader weiter aus.\u00a0Spontan bekam man Unterst\u00fctzung aus der B-Jugend mit zwei Spielern. So ging man mit einem Kader von 14 Spielern in das Spiel.<\/p>\n<p style=\"font-weight: 400;\">Der SCB legte los wie die Feuerwehr und ehe man sich versah stand es 0:2. Bei allen Toren ging es f\u00fcr den Senner Defensivverband zu schnell und Unkonzentriertheiten taten ihr \u00dcbriges dazu. Nach und nach fingen sich die Senner und es wurde ein offeneres Spiel. Es ergaben sich einige M\u00f6glichkeiten, die allerdings in der letzten Konsequenz ungenutzt blieben.\u00a0So musste ein direkter Freisto\u00df den Anschlusstreffer bringen. 20-25 m halbrechts vor dem Tor nahm Nico sich des Freisto\u00dfes an und schoss hart auf das gegnerische Tor. Der Torwart war wohl etwas \u00fcberrascht und lies den Ball zum 1:2 passieren. Wenige Zeigerumdrehungen sp\u00e4ter wurde ein Kopfballduell am gegnerischen 5m Raum gewonnen und der \u00fcberzeugende B-Jugendspieler Malik dr\u00fcckte den Ball via Kopfball \u00fcber die Linie.\u00a0 2:2 !<\/p>\n<p style=\"font-weight: 400;\">Nach der Pause gab es einige vielversprechende Angriffe der Senner. Doch der k\u00f6rperlich robuste Gegner wusste dies geschickt zu verteidigen. So kam es, wie es kommen musste. Nach einem Ballverlust im Aufbauspiel, konterte der Gegner blitzschnell und schloss den Angriff mit einem sehenswerten Treffer zum 2:3 ab.\u00a0Ein Tiefschlag, f\u00fcr den es aber keine Zeit gab, um ihn zu verdauen. Die Senner warfen alles inklusive des Torwartes nach vorne. In den letzten 3 Minuten \u00fcberschlugen sich dann die Ereignisse. SCB konterte in der Nachspielzeit, brachte sich jedoch um die Entscheidung, da der St\u00fcrmer unseren zur\u00fcckeilenden Spieler rotw\u00fcrdig foulte.\u00a0Es erfolgte die Freisto\u00dfausf\u00fchrung. Der daraus resultierende lange Ball f\u00fchrte zu einer letzten Senner Ecke. Diese wird flach in den R\u00fcckraum gespielt. Der Torschuss wird geblockt und f\u00e4llt dem Senner \u00a0St\u00fcrmer Jannes vor die F\u00fc\u00dfe, halbrechts, ca. 10m vor dem Tor. Ballannahme und Abschluss. Und der Ball schl\u00e4gt oben rechts im Winkel ein. 3:3 !<\/p>\n<p style=\"font-weight: 400;\">Kurz darauf erfolgte der Schlusspfiff. Eine \u00fcberzeugende und disziplinierte Mannschaftsleitung. Charaktertest bestanden.<\/p>\n<p style=\"font-weight: 400;\">Am kommenden Sonntag ist der FC Hilal Spor um 11 Uhr auf dem heimischen Rasen der bpi Arena am Waldbad zu Gast. Dann hei\u00dft es die Eindr\u00fccke von den letzten beiden Spielen weiter zu best\u00e4tigen.<\/p>\n<p style=\"font-weight: 400;\">\n","protected":false},"excerpt":{"rendered":"<p>Am vergangenen Sonntag war die A-Jugend zum Gastspiel beim SCB 04\/26 Bielefeld. In der Nachspielzeit konnte ein Remis gesichert werden.<\/p>\n","protected":false},"author":1,"featured_media":3394,"comment_status":"closed","ping_status":"closed","sticky":false,"template":"","format":"standard","meta":{"footnotes":""},"categories":[26,2],"tags":[],"class_list":{"0":"post-3395","1":"post","2":"type-post","3":"status-publish","4":"format-standard","5":"has-post-thumbnail","6":"hentry","7":"category-aus-den-mannschaften","8":"category-spielberichte","10":"post-with-thumbnail","11":"post-with-thumbnail-icon"},"_links":{"self":[{"href":"https:\/\/tus08senne1-fussball.de\/index.php?rest_route=\/wp\/v2\/posts\/3395","targetHints":{"allow":["GET"]}}],"collection":[{"href":"https:\/\/tus08senne1-fussball.de\/index.php?rest_route=\/wp\/v2\/posts"}],"about":[{"href":"https:\/\/tus08senne1-fussball.de\/index.php?rest_route=\/wp\/v2\/types\/post"}],"author":[{"embeddable":true,"href":"https:\/\/tus08senne1-fussball.de\/index.php?rest_route=\/wp\/v2\/users\/1"}],"replies":[{"embeddable":true,"href":"https:\/\/tus08senne1-fussball.de\/index.php?rest_route=%2Fwp%2Fv2%2Fcomments&post=3395"}],"version-history":[{"count":3,"href":"https:\/\/tus08senne1-fussball.de\/index.php?rest_route=\/wp\/v2\/posts\/3395\/revisions"}],"predecessor-version":[{"id":3398,"href":"https:\/\/tus08senne1-fussball.de\/index.php?rest_route=\/wp\/v2\/posts\/3395\/revisions\/3398"}],"wp:featuredmedia":[{"embeddable":true,"href":"https:\/\/tus08senne1-fussball.de\/index.php?rest_route=\/wp\/v2\/media\/3394"}],"wp:attachment":[{"href":"https:\/\/tus08senne1-fussball.de\/index.php?rest_route=%2Fwp%2Fv2%2Fmedia&parent=3395"}],"wp:term":[{"taxonomy":"category","embeddable":true,"href":"https:\/\/tus08senne1-fussball.de\/index.php?rest_route=%2Fwp%2Fv2%2Fcategories&post=3395"},{"taxonomy":"post_tag","embeddable":true,"href":"https:\/\/tus08senne1-fussball.de\/index.php?rest_route=%2Fwp%2Fv2%2Ftags&post=3395"}],"curies":[{"name":"wp","href":"https:\/\/api.w.org\/{rel}","templated":true}]}}