{"id":3288,"date":"2023-01-14T13:37:44","date_gmt":"2023-01-14T13:37:44","guid":{"rendered":"https:\/\/tus08senne1-fussball.de\/?p=3288"},"modified":"2023-01-14T17:40:13","modified_gmt":"2023-01-14T17:40:13","slug":"u13-gruesst-als-herbstmeister-in-der-a-liga","status":"publish","type":"post","link":"https:\/\/tus08senne1-fussball.de\/?p=3288","title":{"rendered":"U13 gr\u00fc\u00dft als Herbstmeister in der A-Liga"},"content":{"rendered":"<p>Unsere U13 gr\u00fc\u00dft nach der Vorrunde in der Kreisliga A zur Winterpause als Tabellenf\u00fchrer. Nach vielen hochklassigen Partien ist die Situation an der Tabellenspitze sehr eng und verspricht eine spannende R\u00fcckrunde! Die Senner Jungs um Trainer Stefan Kopp und Fabian Kriete starteten bereits in die Vorbereitung und haben gleich in einem Testspiel gegen die D1 des FC G\u00fctersloh (Bezirksliga) mit einem 2:1-Sieg gezeigt, dass sie bereits in einer guten Fr\u00fchform sind.<\/p>\n","protected":false},"excerpt":{"rendered":"<p>Unsere U13 gr\u00fc\u00dft nach der Vorrunde in der Kreisliga A als Tabellenf\u00fchrer und startet mit einem 2:1-Sieg gegen die D1 des FC G\u00fctersloh (Bezirksliga) in die Vorbereitung.<\/p>\n","protected":false},"author":1,"featured_media":0,"comment_status":"closed","ping_status":"closed","sticky":false,"template":"","format":"standard","meta":{"footnotes":""},"categories":[26,2],"tags":[],"class_list":["post-3288","post","type-post","status-publish","format-standard","hentry","category-aus-den-mannschaften","category-spielberichte"],"_links":{"self":[{"href":"https:\/\/tus08senne1-fussball.de\/index.php?rest_route=\/wp\/v2\/posts\/3288","targetHints":{"allow":["GET"]}}],"collection":[{"href":"https:\/\/tus08senne1-fussball.de\/index.php?rest_route=\/wp\/v2\/posts"}],"about":[{"href":"https:\/\/tus08senne1-fussball.de\/index.php?rest_route=\/wp\/v2\/types\/post"}],"author":[{"embeddable":true,"href":"https:\/\/tus08senne1-fussball.de\/index.php?rest_route=\/wp\/v2\/users\/1"}],"replies":[{"embeddable":true,"href":"https:\/\/tus08senne1-fussball.de\/index.php?rest_route=%2Fwp%2Fv2%2Fcomments&post=3288"}],"version-history":[{"count":3,"href":"https:\/\/tus08senne1-fussball.de\/index.php?rest_route=\/wp\/v2\/posts\/3288\/revisions"}],"predecessor-version":[{"id":3293,"href":"https:\/\/tus08senne1-fussball.de\/index.php?rest_route=\/wp\/v2\/posts\/3288\/revisions\/3293"}],"wp:attachment":[{"href":"https:\/\/tus08senne1-fussball.de\/index.php?rest_route=%2Fwp%2Fv2%2Fmedia&parent=3288"}],"wp:term":[{"taxonomy":"category","embeddable":true,"href":"https:\/\/tus08senne1-fussball.de\/index.php?rest_route=%2Fwp%2Fv2%2Fcategories&post=3288"},{"taxonomy":"post_tag","embeddable":true,"href":"https:\/\/tus08senne1-fussball.de\/index.php?rest_route=%2Fwp%2Fv2%2Ftags&post=3288"}],"curies":[{"name":"wp","href":"https:\/\/api.w.org\/{rel}","templated":true}]}}