{"id":3245,"date":"2022-09-30T06:16:33","date_gmt":"2022-09-30T06:16:33","guid":{"rendered":"https:\/\/tus08senne1-fussball.de\/?p=3245"},"modified":"2022-09-30T06:17:25","modified_gmt":"2022-09-30T06:17:25","slug":"d1-unterliegt-ungluecklich-im-pokalkrimi-gegen-den-vfl-theesen","status":"publish","type":"post","link":"https:\/\/tus08senne1-fussball.de\/?p=3245","title":{"rendered":"D1 unterliegt ungl\u00fccklich im Pokalkrimi gegen den VfL Theesen"},"content":{"rendered":"<p>Die Senner D1-Jugend sah sich im Viertelfinale des Kreispokals dem klassenh\u00f6heren VfL Theesen gegen\u00fcber und unterlag dem Spitzenteam aus der Bezirksliga denkbar knapp mit 0:1. Nach einer ausgeglichenen Anfangsphase gewannen die physisch, technisch und l\u00e4uferisch starken G\u00e4ste, die eine Vielzahl von Auswahlspielern in ihren Reihen z\u00e4hlen, die \u00dcberhand. So kamen die Theesener durch fr\u00fche Ballgewinne zu einer Reihe von Torchancen und nach einem Senner Abwehrfehler samt anschlie\u00dfendem Eigentor bei einem ungl\u00fccklichen Kl\u00e4rungsversuch zur F\u00fchrung. Unsere Jungs zeigten aber nach der Halbzeitpause ein beeindruckende Reaktion, \u00fcbernahmen die Spielkontrolle und waren in der zweiten Halbzeit die klar bessere Mannschaft. So war der TuS 08 dem verdienten Ausgleich und einem Neunmeter-Schie\u00dfen mehrmals sehr nahe. Leider war weder im Abschluss (Pfosten aus 3 Metern) noch bei entscheidenen Entscheidungen des ansonsten guten Schiedsrichters (Strafsto\u00df nach einhelliger Meinung) im entscheidenen Augenblick das Gl\u00fcck nicht auf der Senner Seite. Nach Abpfiff war die Entt\u00e4uschung unserer Jungs gro\u00df &#8212; weicht aber hoffentlich bald der Zufriedenheit \u00fcber eine sehr gute Leistung gegen eine der st\u00e4rksten Nachwuchsmannschaften in Bielefeld.<\/p>\n","protected":false},"excerpt":{"rendered":"<p>Die Senner D1-Jugend sah sich im Viertelfinale des Kreispokals dem klassenh\u00f6heren VfL Theesen gegen\u00fcber und unterlag dem Spitzenteam aus der Bezirksliga denkbar knapp mit 0:1.<\/p>\n","protected":false},"author":1,"featured_media":0,"comment_status":"closed","ping_status":"closed","sticky":false,"template":"","format":"standard","meta":{"footnotes":""},"categories":[2],"tags":[],"class_list":["post-3245","post","type-post","status-publish","format-standard","hentry","category-spielberichte"],"_links":{"self":[{"href":"https:\/\/tus08senne1-fussball.de\/index.php?rest_route=\/wp\/v2\/posts\/3245","targetHints":{"allow":["GET"]}}],"collection":[{"href":"https:\/\/tus08senne1-fussball.de\/index.php?rest_route=\/wp\/v2\/posts"}],"about":[{"href":"https:\/\/tus08senne1-fussball.de\/index.php?rest_route=\/wp\/v2\/types\/post"}],"author":[{"embeddable":true,"href":"https:\/\/tus08senne1-fussball.de\/index.php?rest_route=\/wp\/v2\/users\/1"}],"replies":[{"embeddable":true,"href":"https:\/\/tus08senne1-fussball.de\/index.php?rest_route=%2Fwp%2Fv2%2Fcomments&post=3245"}],"version-history":[{"count":2,"href":"https:\/\/tus08senne1-fussball.de\/index.php?rest_route=\/wp\/v2\/posts\/3245\/revisions"}],"predecessor-version":[{"id":3247,"href":"https:\/\/tus08senne1-fussball.de\/index.php?rest_route=\/wp\/v2\/posts\/3245\/revisions\/3247"}],"wp:attachment":[{"href":"https:\/\/tus08senne1-fussball.de\/index.php?rest_route=%2Fwp%2Fv2%2Fmedia&parent=3245"}],"wp:term":[{"taxonomy":"category","embeddable":true,"href":"https:\/\/tus08senne1-fussball.de\/index.php?rest_route=%2Fwp%2Fv2%2Fcategories&post=3245"},{"taxonomy":"post_tag","embeddable":true,"href":"https:\/\/tus08senne1-fussball.de\/index.php?rest_route=%2Fwp%2Fv2%2Ftags&post=3245"}],"curies":[{"name":"wp","href":"https:\/\/api.w.org\/{rel}","templated":true}]}}