{"id":3079,"date":"2022-07-30T17:58:44","date_gmt":"2022-07-30T17:58:44","guid":{"rendered":"https:\/\/tus08senne1-fussball.de\/?p=3079"},"modified":"2022-08-14T07:28:50","modified_gmt":"2022-08-14T07:28:50","slug":"grosser-jugendtag-unser-fussballabteilung-am-13-8-2022","status":"publish","type":"post","link":"https:\/\/tus08senne1-fussball.de\/?p=3079","title":{"rendered":"Gro\u00dfer Jugendtag am 13.8. ein voller Erfolg"},"content":{"rendered":"<p><img loading=\"lazy\" decoding=\"async\" class=\"alignnone  wp-image-3077\" src=\"http:\/\/tus08senne1-fussball.de\/wp-content\/uploads\/2022\/07\/Jugendtag_Flyer-300x166.jpeg\" alt=\"\" width=\"716\" height=\"396\" srcset=\"https:\/\/tus08senne1-fussball.de\/wp-content\/uploads\/2022\/07\/Jugendtag_Flyer-300x166.jpeg 300w, https:\/\/tus08senne1-fussball.de\/wp-content\/uploads\/2022\/07\/Jugendtag_Flyer-1024x565.jpeg 1024w, https:\/\/tus08senne1-fussball.de\/wp-content\/uploads\/2022\/07\/Jugendtag_Flyer-768x424.jpeg 768w, https:\/\/tus08senne1-fussball.de\/wp-content\/uploads\/2022\/07\/Jugendtag_Flyer-1536x848.jpeg 1536w, https:\/\/tus08senne1-fussball.de\/wp-content\/uploads\/2022\/07\/Jugendtag_Flyer.jpeg 1600w\" sizes=\"auto, (max-width: 716px) 100vw, 716px\" \/><br \/>\nAm 13.8. fand in der bpi Arena am Waldbad der gro\u00dfe Jugendtag der Fussballabteilung des TuS 08 Senne I statt. Alle G- bis D-Jugendmannschaften stellten sich in Freundschaftsspielen vor. F\u00fcr ein tolles Drumherum mit Spiel, Spa\u00df und leiblichem Wohl wurde bestens gesorgt, so dass \u00fcber 200 junge Fu\u00dfballerinnen und Fu\u00dfballer des TuS 08 und der zahlreichen Gastmannschaften, ebenso wie alle Eltern und Freunden unserer Fu\u00dfballabteilung \u00fcber einen tollen Tag freuen konnten.<\/p>\n","protected":false},"excerpt":{"rendered":"<p>Am 13.8. fand in der bpi Arena am Waldbad der gro\u00dfe Jugendtag der Fussballabteilung des TuS 08 Senne I statt. Alle G- bis D-Jugendmannschaften stellten sich in Freundschaftsspielen vor. F\u00fcr ein tolles Drumherum mit Spiel, Spa\u00df und leiblichem Wohl wurde bestens gesorgt, so dass \u00fcber 200 junge Fu\u00dfballerinnen und Fu\u00dfballer des TuS 08 und der [&hellip;]<\/p>\n","protected":false},"author":1,"featured_media":3078,"comment_status":"closed","ping_status":"closed","sticky":false,"template":"","format":"standard","meta":{"footnotes":""},"categories":[3],"tags":[],"class_list":{"0":"post-3079","1":"post","2":"type-post","3":"status-publish","4":"format-standard","5":"has-post-thumbnail","6":"hentry","7":"category-mitteilungen","9":"post-with-thumbnail","10":"post-with-thumbnail-icon"},"_links":{"self":[{"href":"https:\/\/tus08senne1-fussball.de\/index.php?rest_route=\/wp\/v2\/posts\/3079","targetHints":{"allow":["GET"]}}],"collection":[{"href":"https:\/\/tus08senne1-fussball.de\/index.php?rest_route=\/wp\/v2\/posts"}],"about":[{"href":"https:\/\/tus08senne1-fussball.de\/index.php?rest_route=\/wp\/v2\/types\/post"}],"author":[{"embeddable":true,"href":"https:\/\/tus08senne1-fussball.de\/index.php?rest_route=\/wp\/v2\/users\/1"}],"replies":[{"embeddable":true,"href":"https:\/\/tus08senne1-fussball.de\/index.php?rest_route=%2Fwp%2Fv2%2Fcomments&post=3079"}],"version-history":[{"count":4,"href":"https:\/\/tus08senne1-fussball.de\/index.php?rest_route=\/wp\/v2\/posts\/3079\/revisions"}],"predecessor-version":[{"id":3113,"href":"https:\/\/tus08senne1-fussball.de\/index.php?rest_route=\/wp\/v2\/posts\/3079\/revisions\/3113"}],"wp:featuredmedia":[{"embeddable":true,"href":"https:\/\/tus08senne1-fussball.de\/index.php?rest_route=\/wp\/v2\/media\/3078"}],"wp:attachment":[{"href":"https:\/\/tus08senne1-fussball.de\/index.php?rest_route=%2Fwp%2Fv2%2Fmedia&parent=3079"}],"wp:term":[{"taxonomy":"category","embeddable":true,"href":"https:\/\/tus08senne1-fussball.de\/index.php?rest_route=%2Fwp%2Fv2%2Fcategories&post=3079"},{"taxonomy":"post_tag","embeddable":true,"href":"https:\/\/tus08senne1-fussball.de\/index.php?rest_route=%2Fwp%2Fv2%2Ftags&post=3079"}],"curies":[{"name":"wp","href":"https:\/\/api.w.org\/{rel}","templated":true}]}}