{"id":2921,"date":"2022-03-26T16:04:57","date_gmt":"2022-03-26T16:04:57","guid":{"rendered":"http:\/\/tus08senne1-fussball.de\/?p=2921"},"modified":"2022-03-26T16:04:57","modified_gmt":"2022-03-26T16:04:57","slug":"d2-jugend-besiegt-den-spitzenreiter","status":"publish","type":"post","link":"https:\/\/tus08senne1-fussball.de\/?p=2921","title":{"rendered":"D2-Jugend besiegt den Spitzenreiter!"},"content":{"rendered":"<p>Die D2-Jugend hat in einem spannenden und hochklassigen Spiel bei bestem Fussballwetter den bis dato ungeschlagenen Spitzenreiter SC Peckeloh mit 1:0 besiegt! Nach einer intensiven Anfangsphase entwickelte sich ein Spiel auf Augenh\u00f6he, dass unsere Jungs mit einer mutigen und rundum disziplinierten Mannschaftsleistung lange Zeit kontrollieren konnten. Die Defensive stand fehlerlos und in der Offensive kam die D2 durchaus zu ihren M\u00f6glichkeiten. Aber erst eine &#8222;abgerutschte Flanke&#8220; von Mike Hinz in der zweiten Halbzeit senke sich ins lange Eck und bracht die umjubelte F\u00fchrung. Nach einem im Weiteren offenen Schlagabtausch mit brenzligen Situationen auf beiden Seiten blieben die Punkte aber in der Senne. Die D2 behauptet somit den 2. Platz in der Tabelle und verk\u00fcrzt den R\u00fcckstand auf den Tabellenf\u00fchrer aus dem Altkreis Halle.<\/p>\n","protected":false},"excerpt":{"rendered":"<p>Die D2-Jugend hat in einem spannenden und hochklassigen Spiel bei bestem Fussballwetter den bis dato ungeschlagenen Spitzenreiter SC Peckeloh mit 1:0 besiegt!<\/p>\n","protected":false},"author":1,"featured_media":0,"comment_status":"closed","ping_status":"closed","sticky":false,"template":"","format":"standard","meta":{"footnotes":""},"categories":[2],"tags":[],"class_list":["post-2921","post","type-post","status-publish","format-standard","hentry","category-spielberichte"],"_links":{"self":[{"href":"https:\/\/tus08senne1-fussball.de\/index.php?rest_route=\/wp\/v2\/posts\/2921","targetHints":{"allow":["GET"]}}],"collection":[{"href":"https:\/\/tus08senne1-fussball.de\/index.php?rest_route=\/wp\/v2\/posts"}],"about":[{"href":"https:\/\/tus08senne1-fussball.de\/index.php?rest_route=\/wp\/v2\/types\/post"}],"author":[{"embeddable":true,"href":"https:\/\/tus08senne1-fussball.de\/index.php?rest_route=\/wp\/v2\/users\/1"}],"replies":[{"embeddable":true,"href":"https:\/\/tus08senne1-fussball.de\/index.php?rest_route=%2Fwp%2Fv2%2Fcomments&post=2921"}],"version-history":[{"count":1,"href":"https:\/\/tus08senne1-fussball.de\/index.php?rest_route=\/wp\/v2\/posts\/2921\/revisions"}],"predecessor-version":[{"id":2922,"href":"https:\/\/tus08senne1-fussball.de\/index.php?rest_route=\/wp\/v2\/posts\/2921\/revisions\/2922"}],"wp:attachment":[{"href":"https:\/\/tus08senne1-fussball.de\/index.php?rest_route=%2Fwp%2Fv2%2Fmedia&parent=2921"}],"wp:term":[{"taxonomy":"category","embeddable":true,"href":"https:\/\/tus08senne1-fussball.de\/index.php?rest_route=%2Fwp%2Fv2%2Fcategories&post=2921"},{"taxonomy":"post_tag","embeddable":true,"href":"https:\/\/tus08senne1-fussball.de\/index.php?rest_route=%2Fwp%2Fv2%2Ftags&post=2921"}],"curies":[{"name":"wp","href":"https:\/\/api.w.org\/{rel}","templated":true}]}}