{"id":2819,"date":"2021-12-01T09:08:16","date_gmt":"2021-12-01T09:08:16","guid":{"rendered":"http:\/\/tus08senne1-fussball.de\/?p=2819"},"modified":"2021-12-01T09:09:17","modified_gmt":"2021-12-01T09:09:17","slug":"b2-mit-kantersieg-in-die-winterpause","status":"publish","type":"post","link":"https:\/\/tus08senne1-fussball.de\/?p=2819","title":{"rendered":"B2 mit Kantersieg in die Winterpause"},"content":{"rendered":"<p>Am Wochenende ging es f\u00fcr die B2 des TuS 08 Senne 1 zum Nachbarn nach Sennestadt. Bei diesem Kellerduell hie\u00df es Letzter gegen Vorletzten. Die Sportfreunde aus Sennestadt konnten bis zu diesem Zietpunkt noch keinen Punkt verbuchen, die Senner Mannschaft nur einen. Deshalb konnte man sich eine realistische Chance auf Punkte vor dem Spiel zumindest ausmalen. Durch die Unterst\u00fctzung aus der C1 und der B1 konnte man trotz der neuen Corona-Auflagen f\u00fcr \u00dc16-j\u00e4hrige mit einem Kader von 14 Mann zu dem Spiel auf dem angeschlagenen Rasenplatz anreisen. Eine Absprache zwischen den Sennest\u00e4dtern und Sennern zur Durchf\u00fchrung der Partie machte es m\u00f6glich.<br \/>\nDie Trainer der Waldbadkicker sahen ein durchaus gutes Spiel ihrer Mannschaft welches in Endefekt deutlich mit 0:13 gewonnen werden konnte. Endlich hat sich die Mannschaft ihre ersten 3 Punkte sichern und f\u00fcr ihre bisherigen M\u00fchen in Training belohnen k\u00f6nnen.<br \/>\nAls Trosch\u00fctzen trugen sich ein: Yasin Tez (1), Valton Krasniqi (4), Ersan Tez (1), Batu Akdeniz (1) Caner Yildiz (2), Luka Bollweg (1), Justus Busse (1) und Spiros Siozios (2).<\/p>\n<p>Da die restlichen Meisterschaftsspiele, die noch vor der Winterpause angesetzt warten, aufgrund der neuen Coronaverordnung nicht stattfinden werden, beschreibt die Partie in Sennestadt einen vers\u00f6nlichen Abschluss, bevor es nach Weihnachten in n\u00e4chsten Jahr (hoffentlich!) weitergeht.<\/p>\n","protected":false},"excerpt":{"rendered":"<p>(MH) Die B2 konnte ihr erstes Spiel gewinnen! <\/p>\n","protected":false},"author":11,"featured_media":0,"comment_status":"closed","ping_status":"open","sticky":false,"template":"","format":"standard","meta":{"footnotes":""},"categories":[26,2],"tags":[],"class_list":["post-2819","post","type-post","status-publish","format-standard","hentry","category-aus-den-mannschaften","category-spielberichte"],"_links":{"self":[{"href":"https:\/\/tus08senne1-fussball.de\/index.php?rest_route=\/wp\/v2\/posts\/2819","targetHints":{"allow":["GET"]}}],"collection":[{"href":"https:\/\/tus08senne1-fussball.de\/index.php?rest_route=\/wp\/v2\/posts"}],"about":[{"href":"https:\/\/tus08senne1-fussball.de\/index.php?rest_route=\/wp\/v2\/types\/post"}],"author":[{"embeddable":true,"href":"https:\/\/tus08senne1-fussball.de\/index.php?rest_route=\/wp\/v2\/users\/11"}],"replies":[{"embeddable":true,"href":"https:\/\/tus08senne1-fussball.de\/index.php?rest_route=%2Fwp%2Fv2%2Fcomments&post=2819"}],"version-history":[{"count":2,"href":"https:\/\/tus08senne1-fussball.de\/index.php?rest_route=\/wp\/v2\/posts\/2819\/revisions"}],"predecessor-version":[{"id":2821,"href":"https:\/\/tus08senne1-fussball.de\/index.php?rest_route=\/wp\/v2\/posts\/2819\/revisions\/2821"}],"wp:attachment":[{"href":"https:\/\/tus08senne1-fussball.de\/index.php?rest_route=%2Fwp%2Fv2%2Fmedia&parent=2819"}],"wp:term":[{"taxonomy":"category","embeddable":true,"href":"https:\/\/tus08senne1-fussball.de\/index.php?rest_route=%2Fwp%2Fv2%2Fcategories&post=2819"},{"taxonomy":"post_tag","embeddable":true,"href":"https:\/\/tus08senne1-fussball.de\/index.php?rest_route=%2Fwp%2Fv2%2Ftags&post=2819"}],"curies":[{"name":"wp","href":"https:\/\/api.w.org\/{rel}","templated":true}]}}