{"id":2799,"date":"2021-11-16T13:25:33","date_gmt":"2021-11-16T13:25:33","guid":{"rendered":"http:\/\/tus08senne1-fussball.de\/?p=2799"},"modified":"2021-11-16T13:25:38","modified_gmt":"2021-11-16T13:25:38","slug":"02-in-hillegossen-b2-mit-rueckschlag","status":"publish","type":"post","link":"https:\/\/tus08senne1-fussball.de\/?p=2799","title":{"rendered":"0:2 in Hillegossen &#8211; B2 mit R\u00fcckschlag"},"content":{"rendered":"<p>(MH) Auch an diesem Wochenende ging es f\u00fcr die B2 wieder zu einem Ausw\u00e4rtsspiel. Mit einem gut gef\u00fcllten Kader, dank zweier Aushilfen der C1, ging es gegen die 2. Mannschaft des TuS Einigkeit Hillegossen, die in der Tabelle nur wenige Pl\u00e4tze \u00fcber der Senner Mannschaft standen.<\/p>\n<p>Anfangs war das Spiel sehr ausgeglichen und es kam zu wenigen vielversprechenden Torchancen. Die erste erarbeitete sich der C-Jugendliche Henrik Lochm\u00f6ller, der von der Mittellinie aus startete und sich an 2-3 Gegenspielern vorbeidribbelte, sodass er dann aus knapp 20 Metern mit seinem starken linken Fu\u00df zum Torabschluss kam. Der gegnerische Torwart war so eben noch mit den Fingerspitzen an dem Ball und lenkte ihn dadurch just noch an die Torlatte. Der darauffolgende Angriff der Hillegossener f\u00fchrte jedoch zu dem 1:0, was zu dem Zeitpunkt nicht das Spielgeschehen widerspiegelte. Nach dem Gegentor brachen unsere Senner Jungs jedoch etwas ein und konnten kaum noch einen Ball vern\u00fcnftig in Richtung des gegnerischen Tores spielen. Nach ein paar weiteren guten Gelegenheiten des Gegners ging es in die Halbzeit. Jedoch hatte die Traineransprache durch Coach Stefan Mahne nicht den gew\u00fcnschten Effekt, und die wenigen Chancen, die sich die Mannschaft in der 2. Halbzeit herausspielte wurden nicht genutzt, da man fast immer einen Schritt zu sp\u00e4t war. Die anf\u00e4ngliche Druckphase zu Beginn des zweiten Durchganges hielt somit nicht lange gehalten und der TuS Einigkeit Hillegossen \u00fcbernahm wieder das Spielgeschehen. Durch die nun hoch stehende gegnerische Mannschaft hatte es die Senner Kicker noch schwerer als sonst schon, den Ball hinten herauszuspielen. Nach einem missgl\u00fcckten Abschlag des Senner Torwarts musste das 2:0 in Kauf genommen werden. Ab dem Zeitpunkt h\u00e4tte die Senner Mannschaft mehr Mumm gebraucht, um das Spiel noch zu drehen, was jedoch ausgeblieben ist.<br \/>\nNach einem Spiel, bei der die Mannschaft nicht ganz mit sich zufrieden sein kann, m\u00fcssen nun alle bei dem Derby in 2 Wochen gegen die Sportfreunde Sennestadt auf die n\u00e4chsten Punkte hoffen!<\/p>\n","protected":false},"excerpt":{"rendered":"<p>(MH) Auch an diesem Wochenende ging es f\u00fcr die B2 wieder zu einem Ausw\u00e4rtsspiel. Mit einem gut gef\u00fcllten Kader, dank zweier Aushilfen der C1, ging es gegen die 2. Mannschaft des TuS Einigkeit Hillegossen, die in der Tabelle nur wenige Pl\u00e4tze \u00fcber der Senner Mannschaft standen.<\/p>\n","protected":false},"author":11,"featured_media":0,"comment_status":"closed","ping_status":"open","sticky":false,"template":"","format":"standard","meta":{"footnotes":""},"categories":[26,2],"tags":[],"class_list":["post-2799","post","type-post","status-publish","format-standard","hentry","category-aus-den-mannschaften","category-spielberichte"],"_links":{"self":[{"href":"https:\/\/tus08senne1-fussball.de\/index.php?rest_route=\/wp\/v2\/posts\/2799","targetHints":{"allow":["GET"]}}],"collection":[{"href":"https:\/\/tus08senne1-fussball.de\/index.php?rest_route=\/wp\/v2\/posts"}],"about":[{"href":"https:\/\/tus08senne1-fussball.de\/index.php?rest_route=\/wp\/v2\/types\/post"}],"author":[{"embeddable":true,"href":"https:\/\/tus08senne1-fussball.de\/index.php?rest_route=\/wp\/v2\/users\/11"}],"replies":[{"embeddable":true,"href":"https:\/\/tus08senne1-fussball.de\/index.php?rest_route=%2Fwp%2Fv2%2Fcomments&post=2799"}],"version-history":[{"count":2,"href":"https:\/\/tus08senne1-fussball.de\/index.php?rest_route=\/wp\/v2\/posts\/2799\/revisions"}],"predecessor-version":[{"id":2801,"href":"https:\/\/tus08senne1-fussball.de\/index.php?rest_route=\/wp\/v2\/posts\/2799\/revisions\/2801"}],"wp:attachment":[{"href":"https:\/\/tus08senne1-fussball.de\/index.php?rest_route=%2Fwp%2Fv2%2Fmedia&parent=2799"}],"wp:term":[{"taxonomy":"category","embeddable":true,"href":"https:\/\/tus08senne1-fussball.de\/index.php?rest_route=%2Fwp%2Fv2%2Fcategories&post=2799"},{"taxonomy":"post_tag","embeddable":true,"href":"https:\/\/tus08senne1-fussball.de\/index.php?rest_route=%2Fwp%2Fv2%2Ftags&post=2799"}],"curies":[{"name":"wp","href":"https:\/\/api.w.org\/{rel}","templated":true}]}}