{"id":2635,"date":"2021-09-14T09:59:42","date_gmt":"2021-09-14T09:59:42","guid":{"rendered":"http:\/\/tus08senne1-fussball.de\/?p=2635"},"modified":"2021-09-14T10:00:52","modified_gmt":"2021-09-14T10:00:52","slug":"neue-ausgabe-des-senner-waldblatts","status":"publish","type":"post","link":"https:\/\/tus08senne1-fussball.de\/?p=2635","title":{"rendered":"Neue Ausgabe des &#8222;Senner Waldblatts&#8220;"},"content":{"rendered":"<p>Corona, Kabinenumbau, Fluthilfe und Fu\u00dfball &#8212; rechtzeitig zum Saisonstart ist unser Vereinsmagazin &#8222;Senner Waldblatt&#8220; mit einer neuen Ausgaben erschienen, die wieder viel Interessantes, Wissenswertes und Hintergr\u00fcndiges \u00fcber die letzten Monate in der Fu\u00dfballabteilung des TuS 08 Senne I enth\u00e4lt. Die aktuelle Ausgabe gibt es<a href=\"http:\/\/tus08senne1-fussball.de\/?page_id=2166\"> online auf der Webseite<\/a> oder gedruckt in vielen Gesch\u00e4ften und Haushalten.<\/p>\n","protected":false},"excerpt":{"rendered":"<p>Corona, Kabinenumbau, Fluthilfe und Fu\u00dfball &#8212; rechtzeitig zum Saisonstart ist unser Vereinsmagazin &#8222;Senner Waldblatt&#8220; mit einer neuen Ausgaben erschienen, die wieder viel Interessantes, Wissenswertes und Hintergr\u00fcndiges \u00fcber die letzten Monate in der Fu\u00dfballabteilung des TuS 08 Senne I enth\u00e4lt. Die aktuelle Ausgabe gibt es online auf der Webseite oder gedruckt in vielen Gesch\u00e4ften und Haushalten.<\/p>\n","protected":false},"author":1,"featured_media":2636,"comment_status":"closed","ping_status":"closed","sticky":false,"template":"","format":"standard","meta":{"footnotes":""},"categories":[3],"tags":[],"class_list":{"0":"post-2635","1":"post","2":"type-post","3":"status-publish","4":"format-standard","5":"has-post-thumbnail","6":"hentry","7":"category-mitteilungen","9":"post-with-thumbnail","10":"post-with-thumbnail-icon"},"_links":{"self":[{"href":"https:\/\/tus08senne1-fussball.de\/index.php?rest_route=\/wp\/v2\/posts\/2635","targetHints":{"allow":["GET"]}}],"collection":[{"href":"https:\/\/tus08senne1-fussball.de\/index.php?rest_route=\/wp\/v2\/posts"}],"about":[{"href":"https:\/\/tus08senne1-fussball.de\/index.php?rest_route=\/wp\/v2\/types\/post"}],"author":[{"embeddable":true,"href":"https:\/\/tus08senne1-fussball.de\/index.php?rest_route=\/wp\/v2\/users\/1"}],"replies":[{"embeddable":true,"href":"https:\/\/tus08senne1-fussball.de\/index.php?rest_route=%2Fwp%2Fv2%2Fcomments&post=2635"}],"version-history":[{"count":2,"href":"https:\/\/tus08senne1-fussball.de\/index.php?rest_route=\/wp\/v2\/posts\/2635\/revisions"}],"predecessor-version":[{"id":2638,"href":"https:\/\/tus08senne1-fussball.de\/index.php?rest_route=\/wp\/v2\/posts\/2635\/revisions\/2638"}],"wp:featuredmedia":[{"embeddable":true,"href":"https:\/\/tus08senne1-fussball.de\/index.php?rest_route=\/wp\/v2\/media\/2636"}],"wp:attachment":[{"href":"https:\/\/tus08senne1-fussball.de\/index.php?rest_route=%2Fwp%2Fv2%2Fmedia&parent=2635"}],"wp:term":[{"taxonomy":"category","embeddable":true,"href":"https:\/\/tus08senne1-fussball.de\/index.php?rest_route=%2Fwp%2Fv2%2Fcategories&post=2635"},{"taxonomy":"post_tag","embeddable":true,"href":"https:\/\/tus08senne1-fussball.de\/index.php?rest_route=%2Fwp%2Fv2%2Ftags&post=2635"}],"curies":[{"name":"wp","href":"https:\/\/api.w.org\/{rel}","templated":true}]}}