{"id":2118,"date":"2020-10-06T17:58:21","date_gmt":"2020-10-06T17:58:21","guid":{"rendered":"http:\/\/tus08senne1-fussball.de\/?p=2118"},"modified":"2020-10-06T17:59:05","modified_gmt":"2020-10-06T17:59:05","slug":"ergebnisse-der-senner-jugend-am-samstag-2","status":"publish","type":"post","link":"https:\/\/tus08senne1-fussball.de\/?p=2118","title":{"rendered":"Ergebnisse der Senner Jugend am Samstag"},"content":{"rendered":"<p>Die blau-wei\u00dfe G-1 von Christian Quintana erzielte in Amshausen ganze 17 Tore &#8211; super!<\/p>\n<p>W\u00e4hrend die F-1 in Halle mit 6:4 erfolgreich war, hat die F-3 in Werther eine tolle Moral bewisen und das Spiel nach 0:2-R\u00fcckstand auf 5:3 f\u00fcr Senne gedreht. Die F-2 siegte am Waldbad gegen Solbad Ravensberg nach 0:0-Pausenstand mit 5:0 und hatte dabei mit David einen \u00fcberragenden Torwart in den eigenen Reihen. Kompliment an unsere F-Junioren!<\/p>\n<div class=\"text_exposed_show\">\n<p>Die Senner E-1 machte es auf dem Senner Kunstrasen spannend und lie\u00df den Gegner aus Steinhagen in beiden Halbzeiten nach 3:0-F\u00fchrung auf nur ein Tor herankommen. Dementsprechend hie\u00df es 6:4 f\u00fcr Senne nach Abpfiff. Die E-2 musste auf Rasen in Quelle mit 4:7 in eine empfindliche Niederlage einwilligen, die E-3 nahm hingegen beim 2:2 gegen SC Babenhausen II einen Z\u00e4hler mit ans Waldbad.<\/p>\n<p>Einen R\u00fcckschlag mussten die beiden aktiven D-Jugenden verkraften. Die D-1 verschlief in Quelle die erste Halbzeit und geriet mit 0:2 ins Hintertreffen. Zwar bewies man Moral und h\u00e4tte am Ende ein Remis verdient gehabt, verlor aber dennoch ungl\u00fccklich mit 3:2. Das Spiel der D-2 gegen Altenhagen\/Milse wurde 3 Stunden vor Anpfiff abgesagt, die D-3 unterlag auf dem Senner Kunstrasen mit einem Handballergebnis: 6:8 f\u00fcr TuRa 06 hie\u00df es nach Ablauf der Spielzeit.<\/p>\n<p>Auch die Senner C-Junioren blieben an diesem Spieltag ohne Punkte. Die C-1 verlor trotz deutlich mehr Spielanteilen \u00fcberraschend mit 1:0 in J\u00f6llenbeck und b\u00fc\u00dfte die Wei\u00dfe Weste und Tabellenf\u00fchrung ein. Enmal mehr ging man zu gro\u00dfz\u00fcgig mit besten Gelegenheiten um. Die C-III blieb am Senner Waldbad ohne jede Chance und unterlag VfL Theesen (III) mit 1:8. K\u00f6pfe hoch!<\/p>\n<p>Die B-Jugend beschloss den Jugend-Samstag. 0:6 musste man sich am Ende der JSG Peckeloh\/Oesterweg geschlagen geben.<\/p>\n<p>Einmal mehr geht der Dank in Richtung unsrer unterst\u00fctzenden Elternschaft, die h\u00e4ufig kurzfristig auf Lage\u00e4nderungen reagieren muss. Danke daf\u00fcr! Es ist f\u00fcr uns alle nicht einfach in diesen Zeiten!<\/p>\n<\/div>\n","protected":false},"excerpt":{"rendered":"<p>Die blau-wei\u00dfe G-1 von Christian Quintana erzielte in Amshausen ganze 17 Tore &#8211; super! W\u00e4hrend die F-1 in Halle mit 6:4 erfolgreich war, hat die F-3 in Werther eine tolle Moral bewisen und das Spiel nach 0:2-R\u00fcckstand auf 5:3 f\u00fcr Senne gedreht. Die F-2 siegte am Waldbad gegen Solbad Ravensberg nach 0:0-Pausenstand mit 5:0 und [&hellip;]<\/p>\n","protected":false},"author":11,"featured_media":0,"comment_status":"open","ping_status":"open","sticky":false,"template":"","format":"standard","meta":{"footnotes":""},"categories":[26,2],"tags":[],"class_list":["post-2118","post","type-post","status-publish","format-standard","hentry","category-aus-den-mannschaften","category-spielberichte"],"_links":{"self":[{"href":"https:\/\/tus08senne1-fussball.de\/index.php?rest_route=\/wp\/v2\/posts\/2118","targetHints":{"allow":["GET"]}}],"collection":[{"href":"https:\/\/tus08senne1-fussball.de\/index.php?rest_route=\/wp\/v2\/posts"}],"about":[{"href":"https:\/\/tus08senne1-fussball.de\/index.php?rest_route=\/wp\/v2\/types\/post"}],"author":[{"embeddable":true,"href":"https:\/\/tus08senne1-fussball.de\/index.php?rest_route=\/wp\/v2\/users\/11"}],"replies":[{"embeddable":true,"href":"https:\/\/tus08senne1-fussball.de\/index.php?rest_route=%2Fwp%2Fv2%2Fcomments&post=2118"}],"version-history":[{"count":1,"href":"https:\/\/tus08senne1-fussball.de\/index.php?rest_route=\/wp\/v2\/posts\/2118\/revisions"}],"predecessor-version":[{"id":2119,"href":"https:\/\/tus08senne1-fussball.de\/index.php?rest_route=\/wp\/v2\/posts\/2118\/revisions\/2119"}],"wp:attachment":[{"href":"https:\/\/tus08senne1-fussball.de\/index.php?rest_route=%2Fwp%2Fv2%2Fmedia&parent=2118"}],"wp:term":[{"taxonomy":"category","embeddable":true,"href":"https:\/\/tus08senne1-fussball.de\/index.php?rest_route=%2Fwp%2Fv2%2Fcategories&post=2118"},{"taxonomy":"post_tag","embeddable":true,"href":"https:\/\/tus08senne1-fussball.de\/index.php?rest_route=%2Fwp%2Fv2%2Ftags&post=2118"}],"curies":[{"name":"wp","href":"https:\/\/api.w.org\/{rel}","templated":true}]}}