{"id":1671,"date":"2020-03-05T13:42:24","date_gmt":"2020-03-05T13:42:24","guid":{"rendered":"http:\/\/tus08senne1-fussball.de\/?p=1671"},"modified":"2020-03-05T13:42:57","modified_gmt":"2020-03-05T13:42:57","slug":"riserva-kann-erneut-nicht-ueberzeugen-12-niederlage-bei-canlar-ii","status":"publish","type":"post","link":"https:\/\/tus08senne1-fussball.de\/?p=1671","title":{"rendered":"Riserva kann erneut nicht \u00fcberzeugen \u2013 1:2 Niederlage bei Canlar II"},"content":{"rendered":"<p>(mw) Hat die Riserva tats\u00e4chlich das Fu\u00dfballspielen verlernt? Diese rei\u00dferische Frage muss derzeit leider zurecht gestellt werden, denn nach dem Vorwochendebakel beim BSV West kann sich die Riserva am zweiten Spieltag in 2020 erneut nicht steigern und keine Punkte einfahren.<\/p>\n<p>Personell standen die Ampeln mal wieder auf dunkelgelb bei der zweiten Mannschaft des TuS. So gesellten sich zu der sowieso schon d\u00fcnnen Personaldecke noch zwei weitere Absagen am Sonntagmorgen. Vor dem 91 Minuten lang stark aufspielende R\u00fcckhalt Terveer verteidigten Dalhoff, Scharf, Schiprowski und Spielertrainer Friesen. Vor der Doppelsechs um Trapp und R\u00fcter liefen im Mittelfeld Friedrich, Kalaf und Schmidt auf, w\u00e4hrend Wittler die einzige Spitze bildete. Komplettiert wurde der Kader durch die Last-Minute Zusagen von Naporra, der nach 6 Monaten Praktikum zum ersten mal wieder zur Mannschaft stie\u00df, und Hahn, welcher sich nach einer 10 Stunden Nachtschicht noch bereit erkl\u00e4rte, sich mit auf die Bank zu setzen. F\u00fcr solch einen Einsatz kann man sich nicht genug bedanken, und sollte f\u00fcr einige Akteure ein gutes Beispiel sein.<\/p>\n<p>In der ersten Halbzeit war die verunsicherte Riserva sichtlich bem\u00fcht, einigerma\u00dfen Fu\u00dfball zu spielen und das Heft in die Hand zu nehmen. Durch mangelnde Genauigkeit in den Abspielen, fehlende Abstimmung und Unkonzentriertheiten gelingt dem Gast allerdings recht wenig und schlie\u00dft sich damit der ebenfalls limitierten Heimmannschaft an.<\/p>\n<p>Kurz vor der Halbzeit ist es dann eine Einzelaktion von Friedrich, die zum Torerfolg f\u00fchrt: \u00fcber links kann sich der schnelle Au\u00dfenbahnspieler durchsetzen und einen schon verloren geglaubten Ball von der Grundlinie in die Mitte spitzeln. Der \u00fcberraschte Torwart l\u00e4sst den Ball nach vorne abprallen, wo sich Wittler nur noch bedanken und ins leere Tor einschieben muss. Kurz nach der F\u00fchrung gibt es noch die Riesenchance f\u00fcr Schmidt, welcher \u00fcber rechts nur noch einschieben braucht, aber im letzten Moment verzieht. Nun gut \u2013 eine Zwei-Tore F\u00fchrung w\u00e4re zu diesem Zeitpunkt auch mehr als unverdient gewesen.<\/p>\n<p>In der Halbzeitpause ist man sich \u00fcber die schwache eigene Leistung, aber auch der F\u00fchrung bewusst. So verlangt Coach Pantel weiterhin konsequent zu verteidigen, um die \u201e0 zu halten\u201c und nach vorne den \u201eDeckel draufzumachen\u201c.<\/p>\n<p>Was dann in der zweiten Halbzeit passiert, ist das genaue Gegenteil: Nach einem Ballverlust am gegnerischen 16er schaltet der SuK schneller um als die Senner und kommt \u00fcber die linke Senner Seite Richtung Strafraum, wo auf den mitgelaufenen Linksau\u00dfen quergelegt wird. Dieser bedankt sich f\u00fcr jede Menge Platz und l\u00e4sst Terveer mit einem Schuss an den Innenpfosten keine Chance \u2013 10 Minuten nach Wiederanpfiff sind s\u00e4mtliche Vors\u00e4tze f\u00fcr die zweite Halbzeit bereits \u00fcber den Haufen geworfen.<\/p>\n<p>In der Folgezeit wird das sowieso schon schwache Spiel der Riserva noch schw\u00e4cher: gegen einen wahrlich mit begrenzten Mitteln agierenden Gegner, welcher eher am anderen Ende der Tabelle steht, finden die Senner spielerisch gar nicht mehr statt und \u00fcberlassen den Gastgebern v\u00f6llig die Partie. Als Folge dringt auf H\u00f6he der Grundlinie ein gegnerischer St\u00fcrmer in den Senner Strafraum ein und wird per Foulspiel von Scharf gestoppt \u2013 Elfmeter. Dass Elfmeter entsch\u00e4rfen Terveers Paradedisziplin ist, stellt er einmal mehr unter Beweis und kann den flach getretenen Schuss entsch\u00e4rfen.<\/p>\n<p>Ein gro\u00dfes Aufb\u00e4umen ist danach allerdings weiterhin nicht zu sehen. Die Senner kommen nur noch zu kleineren Torchancen, lediglich ein Kopfball von Schiprowski wird noch auf der Linie gekl\u00e4rt. Zum Ende des Spiels wollen die Senner den Sieg erzwingen und werfen nun mehr nach vorne. Den Siegtreffer erzielen allerdings die Gastgeber: nach einem Ballverlust im Mittelfeld entsteht eine \u00dcberzahlsituation, wodurch im Endeffekt zwei Angreifer vor dem Senner Tor auftauchen und das Schicksal der Riserva besiegeln. Zu allem \u00dcberfluss verlieren die Senner nun in der Nachspielzeit ein weiteres mal den Ball, welcher vom weit aufger\u00fccktem Terveer auf H\u00f6he der Mittellinie per Hand gekl\u00e4rt und mit einer roten Karte belohnt wird. Dass der einzig in Normalform spielende Keeper der Senner nun auch noch solch einem Lapsus unterl\u00e4uft, ist im Endeffekt stellvertretend f\u00fcr das Spiel.<\/p>\n<p>Sei es drum \u2013 am Ende verliert man verdient gegen einen kaum ambitionierten Gegner, da man es selbst tats\u00e4chlich schaffte, noch weniger auf den Platz zu bringen. Mit dem TuS Quelle wartet kommende Woche die \u00dcbermannschaft der Liga. Sollte die Riserva dort kein komplett anderes Gesicht zeigen als in den bisherigen zwei Spielen, stehen schwere Zeiten bevor.<\/p>\n","protected":false},"excerpt":{"rendered":"<p>(mw) Hat die Riserva tats\u00e4chlich das Fu\u00dfballspielen verlernt? Diese rei\u00dferische Frage muss derzeit leider zurecht gestellt werden, denn nach dem Vorwochendebakel beim BSV West kann sich die Riserva am zweiten Spieltag in 2020 erneut nicht steigern und keine Punkte einfahren. Personell standen die Ampeln mal wieder auf dunkelgelb bei der zweiten Mannschaft des TuS. So [&hellip;]<\/p>\n","protected":false},"author":11,"featured_media":0,"comment_status":"closed","ping_status":"closed","sticky":false,"template":"","format":"standard","meta":{"footnotes":""},"categories":[2],"tags":[],"class_list":["post-1671","post","type-post","status-publish","format-standard","hentry","category-spielberichte"],"_links":{"self":[{"href":"https:\/\/tus08senne1-fussball.de\/index.php?rest_route=\/wp\/v2\/posts\/1671","targetHints":{"allow":["GET"]}}],"collection":[{"href":"https:\/\/tus08senne1-fussball.de\/index.php?rest_route=\/wp\/v2\/posts"}],"about":[{"href":"https:\/\/tus08senne1-fussball.de\/index.php?rest_route=\/wp\/v2\/types\/post"}],"author":[{"embeddable":true,"href":"https:\/\/tus08senne1-fussball.de\/index.php?rest_route=\/wp\/v2\/users\/11"}],"replies":[{"embeddable":true,"href":"https:\/\/tus08senne1-fussball.de\/index.php?rest_route=%2Fwp%2Fv2%2Fcomments&post=1671"}],"version-history":[{"count":1,"href":"https:\/\/tus08senne1-fussball.de\/index.php?rest_route=\/wp\/v2\/posts\/1671\/revisions"}],"predecessor-version":[{"id":1672,"href":"https:\/\/tus08senne1-fussball.de\/index.php?rest_route=\/wp\/v2\/posts\/1671\/revisions\/1672"}],"wp:attachment":[{"href":"https:\/\/tus08senne1-fussball.de\/index.php?rest_route=%2Fwp%2Fv2%2Fmedia&parent=1671"}],"wp:term":[{"taxonomy":"category","embeddable":true,"href":"https:\/\/tus08senne1-fussball.de\/index.php?rest_route=%2Fwp%2Fv2%2Fcategories&post=1671"},{"taxonomy":"post_tag","embeddable":true,"href":"https:\/\/tus08senne1-fussball.de\/index.php?rest_route=%2Fwp%2Fv2%2Ftags&post=1671"}],"curies":[{"name":"wp","href":"https:\/\/api.w.org\/{rel}","templated":true}]}}