{"id":1660,"date":"2020-03-02T16:56:13","date_gmt":"2020-03-02T16:56:13","guid":{"rendered":"http:\/\/tus08senne1-fussball.de\/?p=1660"},"modified":"2020-03-02T16:59:04","modified_gmt":"2020-03-02T16:59:04","slug":"12-dritte-verliert-erneut-knapp","status":"publish","type":"post","link":"https:\/\/tus08senne1-fussball.de\/?p=1660","title":{"rendered":"1:2 &#8211; Dritte verliert erneut knapp!"},"content":{"rendered":"<p>(sm) Die sympathische Dritte verpasste trotz vielversprechendem Spielverlauf erneut einen Punktgewinn gegen ein Team aus dem Mittelfeld. Trotz verdienter 1:0-Halbzeitf\u00fchrung, lief zum Ende wieder alles gegen das Team um L\u00f6chm\u00f6ller\/Hanke\/Pitter und man verlor in der Schlussminute mit 1:2.<\/p>\n","protected":false},"excerpt":{"rendered":"<p>(sm) Die sympathische Dritte verpasste trotz vielversprechendem Spielverlauf erneut einen Punktgewinn gegen ein Team aus dem Mittelfeld. Trotz verdienter 1:0-Halbzeitf\u00fchrung, lief zum Ende wieder alles gegen das Team um L\u00f6chm\u00f6ller\/Hanke\/Pitter und man verlor in der Schlussminute mit 1:2.<\/p>\n","protected":false},"author":11,"featured_media":0,"comment_status":"closed","ping_status":"closed","sticky":false,"template":"","format":"standard","meta":{"footnotes":""},"categories":[2],"tags":[],"class_list":["post-1660","post","type-post","status-publish","format-standard","hentry","category-spielberichte"],"_links":{"self":[{"href":"https:\/\/tus08senne1-fussball.de\/index.php?rest_route=\/wp\/v2\/posts\/1660","targetHints":{"allow":["GET"]}}],"collection":[{"href":"https:\/\/tus08senne1-fussball.de\/index.php?rest_route=\/wp\/v2\/posts"}],"about":[{"href":"https:\/\/tus08senne1-fussball.de\/index.php?rest_route=\/wp\/v2\/types\/post"}],"author":[{"embeddable":true,"href":"https:\/\/tus08senne1-fussball.de\/index.php?rest_route=\/wp\/v2\/users\/11"}],"replies":[{"embeddable":true,"href":"https:\/\/tus08senne1-fussball.de\/index.php?rest_route=%2Fwp%2Fv2%2Fcomments&post=1660"}],"version-history":[{"count":1,"href":"https:\/\/tus08senne1-fussball.de\/index.php?rest_route=\/wp\/v2\/posts\/1660\/revisions"}],"predecessor-version":[{"id":1661,"href":"https:\/\/tus08senne1-fussball.de\/index.php?rest_route=\/wp\/v2\/posts\/1660\/revisions\/1661"}],"wp:attachment":[{"href":"https:\/\/tus08senne1-fussball.de\/index.php?rest_route=%2Fwp%2Fv2%2Fmedia&parent=1660"}],"wp:term":[{"taxonomy":"category","embeddable":true,"href":"https:\/\/tus08senne1-fussball.de\/index.php?rest_route=%2Fwp%2Fv2%2Fcategories&post=1660"},{"taxonomy":"post_tag","embeddable":true,"href":"https:\/\/tus08senne1-fussball.de\/index.php?rest_route=%2Fwp%2Fv2%2Ftags&post=1660"}],"curies":[{"name":"wp","href":"https:\/\/api.w.org\/{rel}","templated":true}]}}