{"id":1652,"date":"2020-02-24T13:56:24","date_gmt":"2020-02-24T13:56:24","guid":{"rendered":"http:\/\/tus08senne1-fussball.de\/?p=1652"},"modified":"2020-02-24T13:56:26","modified_gmt":"2020-02-24T13:56:26","slug":"dritte-mannschaft-unterliegt-milse-mit-34","status":"publish","type":"post","link":"https:\/\/tus08senne1-fussball.de\/?p=1652","title":{"rendered":"Dritte Mannschaft unterliegt Milse mit 3:4"},"content":{"rendered":"<p>(sm) Am Ende ein wenig ungl\u00fccklich andererseits aber auch nicht v\u00f6llig unverdient verlor die sympathische dritte Senner Mannschaft ihren Auftakt 2020 mit 3:4 gegen das Team von TV Friesen Milse. Wadim Rangnau hatte dabei zun\u00e4chst von einem schweren Fehler der G\u00e4ste profitiert und das 1:0 markiert. Mit einem Doppelschlag drehten die Milser die Partie allerdings, wobei dem F\u00fchrungstreffer ein Foulspiel an Keeper Karadut vorangegangen war. Im zweiten Durchgang glich erneut Wadim Rangnau mit einem Treffer aus 35 Metern an den Innenpfosten aus, ehe die G\u00e4ste erneut per Doppelschlag auf 2:4 davonzogen. Der Kopfballtreffer von Daniel Wegwerth sollte am Ende nur noch zum 3:4-Anschluss reichen.<\/p>\n<p>Schade, Dritte! Jetzt hei\u00dft es dennoch die guten Aspekte aus dem Spiel mitzunehmen und beim n\u00e4chsten Anlauf auch mal das Gl\u00fcck des T\u00fcchtigen zu haben.<\/p>\n","protected":false},"excerpt":{"rendered":"<p>(sm) Am Ende ein wenig ungl\u00fccklich andererseits aber auch nicht v\u00f6llig unverdient verlor die sympathische dritte Senner Mannschaft ihren Auftakt 2020 mit 3:4 gegen das Team von TV Friesen Milse. Wadim Rangnau hatte dabei zun\u00e4chst von einem schweren Fehler der G\u00e4ste profitiert und das 1:0 markiert. Mit einem Doppelschlag drehten die Milser die Partie allerdings, [&hellip;]<\/p>\n","protected":false},"author":11,"featured_media":0,"comment_status":"closed","ping_status":"closed","sticky":false,"template":"","format":"standard","meta":{"footnotes":""},"categories":[2],"tags":[],"class_list":["post-1652","post","type-post","status-publish","format-standard","hentry","category-spielberichte"],"_links":{"self":[{"href":"https:\/\/tus08senne1-fussball.de\/index.php?rest_route=\/wp\/v2\/posts\/1652","targetHints":{"allow":["GET"]}}],"collection":[{"href":"https:\/\/tus08senne1-fussball.de\/index.php?rest_route=\/wp\/v2\/posts"}],"about":[{"href":"https:\/\/tus08senne1-fussball.de\/index.php?rest_route=\/wp\/v2\/types\/post"}],"author":[{"embeddable":true,"href":"https:\/\/tus08senne1-fussball.de\/index.php?rest_route=\/wp\/v2\/users\/11"}],"replies":[{"embeddable":true,"href":"https:\/\/tus08senne1-fussball.de\/index.php?rest_route=%2Fwp%2Fv2%2Fcomments&post=1652"}],"version-history":[{"count":1,"href":"https:\/\/tus08senne1-fussball.de\/index.php?rest_route=\/wp\/v2\/posts\/1652\/revisions"}],"predecessor-version":[{"id":1653,"href":"https:\/\/tus08senne1-fussball.de\/index.php?rest_route=\/wp\/v2\/posts\/1652\/revisions\/1653"}],"wp:attachment":[{"href":"https:\/\/tus08senne1-fussball.de\/index.php?rest_route=%2Fwp%2Fv2%2Fmedia&parent=1652"}],"wp:term":[{"taxonomy":"category","embeddable":true,"href":"https:\/\/tus08senne1-fussball.de\/index.php?rest_route=%2Fwp%2Fv2%2Fcategories&post=1652"},{"taxonomy":"post_tag","embeddable":true,"href":"https:\/\/tus08senne1-fussball.de\/index.php?rest_route=%2Fwp%2Fv2%2Ftags&post=1652"}],"curies":[{"name":"wp","href":"https:\/\/api.w.org\/{rel}","templated":true}]}}