{"id":1648,"date":"2020-02-24T07:20:46","date_gmt":"2020-02-24T07:20:46","guid":{"rendered":"http:\/\/tus08senne1-fussball.de\/?p=1648"},"modified":"2020-02-24T07:20:46","modified_gmt":"2020-02-24T07:20:46","slug":"trophaeen-fuer-unsere-e2-beim-hallencup-des-vfl-schildesche","status":"publish","type":"post","link":"https:\/\/tus08senne1-fussball.de\/?p=1648","title":{"rendered":"Troph\u00e4en f\u00fcr unsere E2 beim Hallencup des VfL Schildesche"},"content":{"rendered":"<p>Unsere E2-Jugend kehrte am Sonntag mit gleich drei Pokalen vom toll organisierten Hallencup 2020 des VfL Schildesche heim. Nach einer blitzsauberen Vorrunde mit klaren Siegen gegen Dornberg, Schildesche und Brake wurde auch das Halbfinale mit 2:1 gegen Fichte gewonnen. Nach einer knappen Niederlage gegen starke Queller (0:2) im Finale konnte unsere Jungs den 2. Siegerpokal in die H\u00f6he stemmen. \u00a0Gro\u00dfe Freude gab es auch \u00fcber zwei weitere Preise, die in die Senne ginge: Kiano (bester Torsch\u00fctze) und Henry (bester Torwart) wurden zus\u00e4tzlich geehrt &#8212; Gratulation!<\/p>\n","protected":false},"excerpt":{"rendered":"<p>Unsere E2-Jugend kehrte am Sonntag mit gleich drei Pokalen vom toll organisierten Hallencup 2020 des VfL Schildesche heim. Nach einer blitzsauberen Vorrunde mit klaren Siegen gegen Dornberg, Schildesche und Brake wurde auch das Halbfinale mit 2:1 gegen Fichte gewonnen. Nach einer knappen Niederlage gegen starke Queller (0:2) im Finale konnte unsere Jungs den 2. Siegerpokal [&hellip;]<\/p>\n","protected":false},"author":1,"featured_media":0,"comment_status":"closed","ping_status":"closed","sticky":false,"template":"","format":"standard","meta":{"footnotes":""},"categories":[26,2],"tags":[],"class_list":["post-1648","post","type-post","status-publish","format-standard","hentry","category-aus-den-mannschaften","category-spielberichte"],"_links":{"self":[{"href":"https:\/\/tus08senne1-fussball.de\/index.php?rest_route=\/wp\/v2\/posts\/1648","targetHints":{"allow":["GET"]}}],"collection":[{"href":"https:\/\/tus08senne1-fussball.de\/index.php?rest_route=\/wp\/v2\/posts"}],"about":[{"href":"https:\/\/tus08senne1-fussball.de\/index.php?rest_route=\/wp\/v2\/types\/post"}],"author":[{"embeddable":true,"href":"https:\/\/tus08senne1-fussball.de\/index.php?rest_route=\/wp\/v2\/users\/1"}],"replies":[{"embeddable":true,"href":"https:\/\/tus08senne1-fussball.de\/index.php?rest_route=%2Fwp%2Fv2%2Fcomments&post=1648"}],"version-history":[{"count":1,"href":"https:\/\/tus08senne1-fussball.de\/index.php?rest_route=\/wp\/v2\/posts\/1648\/revisions"}],"predecessor-version":[{"id":1649,"href":"https:\/\/tus08senne1-fussball.de\/index.php?rest_route=\/wp\/v2\/posts\/1648\/revisions\/1649"}],"wp:attachment":[{"href":"https:\/\/tus08senne1-fussball.de\/index.php?rest_route=%2Fwp%2Fv2%2Fmedia&parent=1648"}],"wp:term":[{"taxonomy":"category","embeddable":true,"href":"https:\/\/tus08senne1-fussball.de\/index.php?rest_route=%2Fwp%2Fv2%2Fcategories&post=1648"},{"taxonomy":"post_tag","embeddable":true,"href":"https:\/\/tus08senne1-fussball.de\/index.php?rest_route=%2Fwp%2Fv2%2Ftags&post=1648"}],"curies":[{"name":"wp","href":"https:\/\/api.w.org\/{rel}","templated":true}]}}