{"id":1645,"date":"2020-02-24T07:12:27","date_gmt":"2020-02-24T07:12:27","guid":{"rendered":"http:\/\/tus08senne1-fussball.de\/?p=1645"},"modified":"2020-02-24T07:12:27","modified_gmt":"2020-02-24T07:12:27","slug":"minikicker-siegen-bei-eigenem-fairplaycup","status":"publish","type":"post","link":"https:\/\/tus08senne1-fussball.de\/?p=1645","title":{"rendered":"Minikicker siegen bei eigenem Fairplaycup"},"content":{"rendered":"<p>Beim 1. Fairplaycup der Senner Schwanenapotheke konnten unsere Minikicker wieder einmal \u00fcberzeugen und durften nach spannenden Finalspielen den \u00a0Siegerpokal in die H\u00f6he stemmen. Die gesamte Elternschaft sorgte mit viel Unterst\u00fctzung und Hilfsbereitschaft f\u00fcr einen reibungslosen und erfolgreichen Nachmittag f\u00fcr unsere Jungs. Hierf\u00fcr ein herzliches Dankesch\u00f6n.<\/p>\n<p><img loading=\"lazy\" decoding=\"async\" class=\"alignnone size-medium wp-image-1646\" src=\"http:\/\/tus08senne1-fussball.de\/wp-content\/uploads\/2020\/02\/Neueste-Fotos-anzeigen-300x170.jpeg\" alt=\"\" width=\"300\" height=\"170\" srcset=\"https:\/\/tus08senne1-fussball.de\/wp-content\/uploads\/2020\/02\/Neueste-Fotos-anzeigen-300x170.jpeg 300w, https:\/\/tus08senne1-fussball.de\/wp-content\/uploads\/2020\/02\/Neueste-Fotos-anzeigen-1024x580.jpeg 1024w, https:\/\/tus08senne1-fussball.de\/wp-content\/uploads\/2020\/02\/Neueste-Fotos-anzeigen-768x435.jpeg 768w, https:\/\/tus08senne1-fussball.de\/wp-content\/uploads\/2020\/02\/Neueste-Fotos-anzeigen-600x340.jpeg 600w, https:\/\/tus08senne1-fussball.de\/wp-content\/uploads\/2020\/02\/Neueste-Fotos-anzeigen.jpeg 1227w\" sizes=\"auto, (max-width: 300px) 100vw, 300px\" \/><\/p>\n","protected":false},"excerpt":{"rendered":"<p>Beim 1. Fairplaycup der Senner Schwanenapotheke konnten unsere Minikicker wieder einmal \u00fcberzeugen und durften nach spannenden Finalspielen den \u00a0Siegerpokal in die H\u00f6he stemmen. Die gesamte Elternschaft sorgte mit viel Unterst\u00fctzung und Hilfsbereitschaft f\u00fcr einen reibungslosen und erfolgreichen Nachmittag f\u00fcr unsere Jungs. Hierf\u00fcr ein herzliches Dankesch\u00f6n.<\/p>\n","protected":false},"author":1,"featured_media":0,"comment_status":"closed","ping_status":"closed","sticky":false,"template":"","format":"standard","meta":{"footnotes":""},"categories":[26,2],"tags":[],"class_list":["post-1645","post","type-post","status-publish","format-standard","hentry","category-aus-den-mannschaften","category-spielberichte"],"_links":{"self":[{"href":"https:\/\/tus08senne1-fussball.de\/index.php?rest_route=\/wp\/v2\/posts\/1645","targetHints":{"allow":["GET"]}}],"collection":[{"href":"https:\/\/tus08senne1-fussball.de\/index.php?rest_route=\/wp\/v2\/posts"}],"about":[{"href":"https:\/\/tus08senne1-fussball.de\/index.php?rest_route=\/wp\/v2\/types\/post"}],"author":[{"embeddable":true,"href":"https:\/\/tus08senne1-fussball.de\/index.php?rest_route=\/wp\/v2\/users\/1"}],"replies":[{"embeddable":true,"href":"https:\/\/tus08senne1-fussball.de\/index.php?rest_route=%2Fwp%2Fv2%2Fcomments&post=1645"}],"version-history":[{"count":1,"href":"https:\/\/tus08senne1-fussball.de\/index.php?rest_route=\/wp\/v2\/posts\/1645\/revisions"}],"predecessor-version":[{"id":1647,"href":"https:\/\/tus08senne1-fussball.de\/index.php?rest_route=\/wp\/v2\/posts\/1645\/revisions\/1647"}],"wp:attachment":[{"href":"https:\/\/tus08senne1-fussball.de\/index.php?rest_route=%2Fwp%2Fv2%2Fmedia&parent=1645"}],"wp:term":[{"taxonomy":"category","embeddable":true,"href":"https:\/\/tus08senne1-fussball.de\/index.php?rest_route=%2Fwp%2Fv2%2Fcategories&post=1645"},{"taxonomy":"post_tag","embeddable":true,"href":"https:\/\/tus08senne1-fussball.de\/index.php?rest_route=%2Fwp%2Fv2%2Ftags&post=1645"}],"curies":[{"name":"wp","href":"https:\/\/api.w.org\/{rel}","templated":true}]}}