{"id":1594,"date":"2020-01-30T07:42:49","date_gmt":"2020-01-30T07:42:49","guid":{"rendered":"http:\/\/tus08senne1-fussball.de\/?p=1594"},"modified":"2020-01-30T07:48:53","modified_gmt":"2020-01-30T07:48:53","slug":"o-bienek-partner-der-verticus-ag-h-kortkamp-bpi-solutions-und-c-doll-unterstuetzen-senner-minikicker","status":"publish","type":"post","link":"https:\/\/tus08senne1-fussball.de\/?p=1594","title":{"rendered":"O. Bienek (Partner der verticus AG), H. Kortkamp (bpi solutions) und C. Doll unterst\u00fctzen Senner Minikicker"},"content":{"rendered":"<p>Mit einer gro\u00dfz\u00fcgigen Spende beteiligten sich Orne Bienek, der als Partner der verticus AG t\u00e4tig ist, Henning Kortkamp von bpi solutions und Christian Doll an einer spontanen crowdfunding Aktion des Trainers Holger Globich. Die Unterst\u00fctzung von Bienek, Kortkamp und Doll machte es m\u00f6glich, dass f\u00fcr die Minikicker (Jahrgang 2013) des TuS 08 Senne I neue Trainingsanz\u00fcge gekauft werden konnten. Wir hoffen, dass unsere Minikicker viel Spa\u00df mit ihrer neuen Ausr\u00fcstung haben und danken auf diesem Weg noch einmal unseren Spendern.<\/p>\n","protected":false},"excerpt":{"rendered":"<p>Mit einer gro\u00dfz\u00fcgigen Spende beteiligten sich Orne Bienek, der als Partner der verticus AG t\u00e4tig ist, Henning Kortkamp von bpi solutions und Christian Doll an einer spontanen crowdfunding Aktion des Trainers Holger Globich. Die Unterst\u00fctzung von Bienek, Kortkamp und Doll machte es m\u00f6glich, dass f\u00fcr die Minikicker (Jahrgang 2013) des TuS 08 Senne I neue [&hellip;]<\/p>\n","protected":false},"author":1,"featured_media":0,"comment_status":"closed","ping_status":"closed","sticky":false,"template":"","format":"standard","meta":{"footnotes":""},"categories":[26],"tags":[],"class_list":["post-1594","post","type-post","status-publish","format-standard","hentry","category-aus-den-mannschaften"],"_links":{"self":[{"href":"https:\/\/tus08senne1-fussball.de\/index.php?rest_route=\/wp\/v2\/posts\/1594","targetHints":{"allow":["GET"]}}],"collection":[{"href":"https:\/\/tus08senne1-fussball.de\/index.php?rest_route=\/wp\/v2\/posts"}],"about":[{"href":"https:\/\/tus08senne1-fussball.de\/index.php?rest_route=\/wp\/v2\/types\/post"}],"author":[{"embeddable":true,"href":"https:\/\/tus08senne1-fussball.de\/index.php?rest_route=\/wp\/v2\/users\/1"}],"replies":[{"embeddable":true,"href":"https:\/\/tus08senne1-fussball.de\/index.php?rest_route=%2Fwp%2Fv2%2Fcomments&post=1594"}],"version-history":[{"count":1,"href":"https:\/\/tus08senne1-fussball.de\/index.php?rest_route=\/wp\/v2\/posts\/1594\/revisions"}],"predecessor-version":[{"id":1595,"href":"https:\/\/tus08senne1-fussball.de\/index.php?rest_route=\/wp\/v2\/posts\/1594\/revisions\/1595"}],"wp:attachment":[{"href":"https:\/\/tus08senne1-fussball.de\/index.php?rest_route=%2Fwp%2Fv2%2Fmedia&parent=1594"}],"wp:term":[{"taxonomy":"category","embeddable":true,"href":"https:\/\/tus08senne1-fussball.de\/index.php?rest_route=%2Fwp%2Fv2%2Fcategories&post=1594"},{"taxonomy":"post_tag","embeddable":true,"href":"https:\/\/tus08senne1-fussball.de\/index.php?rest_route=%2Fwp%2Fv2%2Ftags&post=1594"}],"curies":[{"name":"wp","href":"https:\/\/api.w.org\/{rel}","templated":true}]}}