{"id":1515,"date":"2019-12-05T09:09:25","date_gmt":"2019-12-05T09:09:25","guid":{"rendered":"http:\/\/tus08senne1-fussball.de\/?p=1515"},"modified":"2019-12-05T09:09:25","modified_gmt":"2019-12-05T09:09:25","slug":"waldbadexpress-feiert-gelungenen-rueckrundenauftakt","status":"publish","type":"post","link":"https:\/\/tus08senne1-fussball.de\/?p=1515","title":{"rendered":"Waldbadexpress feiert gelungenen R\u00fcckrundenauftakt"},"content":{"rendered":"<p>Auch im letzten Heimspiel des Kalenderjahres war die Senner Elf einmal mehr nicht vom eigenen Vorhaben abzubringen. Mit dem 3:0-Erfolg \u00fcber den Tabellennachbarn FC Augustdorf, gegen den man zum Beginn des Abenteuers \u201eBezirksliga\u201c (1:3-Niederlage) noch m\u00e4chtig Lehrgeld zahlen musste, konnten die Kicker vom Waldbad den Start in die R\u00fcckrunde gleichzeitig positiv gestalten.<\/p>\n<p>Personell konnte Chef-Coach Mike Wahsner an diesem letzten Senner Sonntag Anno 2019 aus dem Vollen sch\u00f6pfen. Mit Blick auf die erste Elf ergab sich jedoch eine signifikante \u00c4nderung: Jan Partmann, der in der vergangenen Saison mit seiner ganzen Erfahrung, Ausstrahlung und Ruhe einen erheblichen Anteil am Aufstieg hatte, h\u00fctete zum ersten Mal in dieser Spielzeit das Senner Geh\u00e4use. Stamm-Keeper Felix Winkler stie\u00df pr\u00fcfungsbedingt erst versp\u00e4tet dazu. Mit Massimo Zanghi, Gian-Luca Linstromberg, Stefan Dopheide und Luka Marquardt stand der defensive Abwehrblock auf dem tiefen Senner Gel\u00e4uf fest auf den Beinen. Simon Czernia und Matthes Schwabedissen flankierten das zentrale Mittelfeld-Duo bestehend aus Ole Gruner und Michel Dennin. In der Spitze agierten Kapit\u00e4n Malte Gruner und Partner Cem Beyer vor allem mannschaftsdienlich, der eigenen Torerfolg blieb beiden Akteuren leider verwehrt.<\/p>\n<p>Der Ansatz war klar: Heimspiel, dem Gegner keinen Zentimeter des Platzes schenken und die erfolgreiche Serie weiter ausbauen. Ganz so deutlich konnte man dieses Vorhaben im ersten Durchgang allerdings nicht erkennen. Die Hausherren verteidigen zwar erneut hoch und st\u00f6ren dementsprechend fr\u00fch den Spielaufbau der G\u00e4ste, im eigenen Ballbesitz kommt allerdings wenig produktives bei heraus. W\u00e4hrend in der Defensive erneut nichts anbrennt, fehlt in der Offensive die letzte Durchschlagskraft. Nat\u00fcrlich ist das eigene Gr\u00fcn zu dieser Jahreszeit kein glatter, unebener Teppich mehr, der zum zelebrieren unserer Sportart einl\u00e4dt. Dennoch sind die meisten Offensivaktionen gepr\u00e4gt von der letzten fehlenden Konsequenz, Ungenauigkeit oder Einfachheit.<\/p>\n<p>Die Folge dieser eher schw\u00e4cheren Halbzeit: 0:0 zur Pause. Als Person, die selber aktiv am Geschehen auf dem Platz beteiligt ist, kann man es nicht von der Hand weisen, dass in der Halbzeitpause ein kleiner Hauch von Entt\u00e4uschung in der Luft liegt. In dieser Liga ist so ein Ergebnis absolut kein Beinbruch. Wichtig ist, sich zu hinterfragen, wie es dazu kommt. Genau diese Aufarbeitung ben\u00f6tigt es, um im zweiten Abschnitt erfolgreicher zu sein.<\/p>\n<p>Mit neuem Schwung und dem Fokus auf konsequenteren, genaueren und einfacheren Aktionen geht der Waldbadexpress die letzten 45 Heimspielminuten an. Wie ausgewechselt wirken die elf in blau gekleideten Akteure mit dem Wiederanpfiff. Jeder Akteur ist nun pr\u00e4senter in den Zweik\u00e4mpfen, der Nebenmann wird zum einfachen anspielen gesucht und das Offensivspiel wird zunehmend variabler. In Minute 63 ersetzen Timon Finger und Florian Helmke die stark arbeitenden Simon Czernia und Cem Beyer &#8211; ein Doppelwechsel, der sich im Nachhinein bezahlt machen sollte &#8230;<\/p>\n<p>Kurze Zeit sp\u00e4ter darf der Senner Anhang endlich jubeln. Nur drei Zeigerumdrehungen nach seiner Einwechselung ist es Florian Helmke, der seinem Sturmpartner Malte Gruner den Ball \u00fcberl\u00e4sst und mit einem klugen Laufweg gleichzeitig Raum schafft. Gruner zieht von rechts in den Strafraum, l\u00e4sst drei Gegenspieler dank enger Ballf\u00fchrung alt aussehen und bringt den Ball flach vor dem gegnerischen Tor in Richtung zweiter Pfosten. Das Leder rollt zun\u00e4chst an Freund und Feind vorbei, landet aber schlie\u00dflich bei Linksverteidiger Luka Marquardt, der mit einem platzierten Linksschuss die 1:0-F\u00fchrung erzielen kann.<\/p>\n<p>Sechs Minuten sp\u00e4ter ist es ein Ballgewinn im eigenen Drittel, der zu einer schnellen Senner Umschaltbewegung f\u00fchrt. Nach einer kurzen Sequenz landet das Leder bei Michel Dennin, der den einlaufenden Malte Gruner im Zentrum ersp\u00e4ht. Dennin schickt seinen Spielf\u00fchrer mit einem Flugball in Richtung Augustdorfer Geh\u00e4use. Gruner nimmt den Ball mit und wird kurz vor dem Strafraum von den Beinen geholt. Die Folge: Rote Karte Augustdorf, Freisto\u00df Senne. Den folgenden Freisto\u00df setzt Spielf\u00fchrer Gruner zun\u00e4chst in den Mauer. Den durch die Mauer abprallenden Ball schnappt sich allerdings der hellwache Timon Finger, der mit einem platzierten Linksschuss ins lange Eck die beruhigende 2:0-F\u00fchrung erzielen kann \u2013 der erste Joker sticht!<\/p>\n<p>Wiederum f\u00fcnf Minuten sp\u00e4ter r\u00fcckt mit Florian \u201eGoldfu\u00df\u201c Helmke der n\u00e4chste Einwechselspieler in den Fokus. In numerischer \u00dcberzahl und mit der 2:0-F\u00fchrung im R\u00fccken, kombinieren sich die Senner nun sicherer durch die H\u00e4lfte der G\u00e4ste. Eine starke Ballstafette findet mit Malte Gruner das gew\u00fcnschte Ziel, der wiederum Sturmpartner Helmke im letzten Angriffsdrittel ersp\u00e4ht. Gruner schickt Helmke, der in den Freiraum zieht, mit einem Schnittstellenpass auf die Reise. In altbekannter Manier l\u00e4sst \u201eGoldfu\u00df\u201c Helmke dem gegnerischen Schnapper im direkten Duell keine Chance und vollendet \u00fcberlegt zum 3:0 \u2013 Vorentscheidung! Mit den Einwechselungen von Dennis Ambrosius und Malte Hawerkamp kommt noch einmal frischer Wind von der Bank, am Ende bleibt es trotz einiger weiterer Chancen aber beim drei-Tore-Vorsprung.<\/p>\n<p>Jetzt hei\u00dft es, sich noch einmal f\u00fcr die letzte Woche des Jahres zu motivieren. Der Fahrplan: Zwei Trainingseinheiten, ein gemeinsamer Besuch auf der Sch\u00fcco-Arena und 90 Minuten Vollgas! Wir wollen gegen kein Team der Liga zwei Mal verlieren. Im Hinspiel gegen den SV Avenwedde mussten wir Lehrgeld zahlen. Aber: Stand Dezember 2019 sind wir weiter im Kopf. Wir haben uns entwickelt und aus den Fehlern, die wir ohne Frage gemacht haben, gelernt. Unsere unfassbare Serie hat sich mittlerweile auf 14 (!) ungeschlagene Partien am St\u00fcck verl\u00e4ngert \u2013 warum sollte diese Serie vor dem Jahreswechsel beendet werden? Lasst es uns angehen!<\/p>\n","protected":false},"excerpt":{"rendered":"<p>Auch im letzten Heimspiel des Kalenderjahres war die Senner Elf einmal mehr nicht vom eigenen Vorhaben abzubringen. Mit dem 3:0-Erfolg \u00fcber den Tabellennachbarn FC Augustdorf, gegen den man zum Beginn des Abenteuers \u201eBezirksliga\u201c (1:3-Niederlage) noch m\u00e4chtig Lehrgeld zahlen musste, konnten die Kicker vom Waldbad den Start in die R\u00fcckrunde gleichzeitig positiv gestalten. Personell konnte Chef-Coach [&hellip;]<\/p>\n","protected":false},"author":1,"featured_media":0,"comment_status":"closed","ping_status":"closed","sticky":false,"template":"","format":"standard","meta":{"footnotes":""},"categories":[2],"tags":[],"class_list":["post-1515","post","type-post","status-publish","format-standard","hentry","category-spielberichte"],"_links":{"self":[{"href":"https:\/\/tus08senne1-fussball.de\/index.php?rest_route=\/wp\/v2\/posts\/1515","targetHints":{"allow":["GET"]}}],"collection":[{"href":"https:\/\/tus08senne1-fussball.de\/index.php?rest_route=\/wp\/v2\/posts"}],"about":[{"href":"https:\/\/tus08senne1-fussball.de\/index.php?rest_route=\/wp\/v2\/types\/post"}],"author":[{"embeddable":true,"href":"https:\/\/tus08senne1-fussball.de\/index.php?rest_route=\/wp\/v2\/users\/1"}],"replies":[{"embeddable":true,"href":"https:\/\/tus08senne1-fussball.de\/index.php?rest_route=%2Fwp%2Fv2%2Fcomments&post=1515"}],"version-history":[{"count":1,"href":"https:\/\/tus08senne1-fussball.de\/index.php?rest_route=\/wp\/v2\/posts\/1515\/revisions"}],"predecessor-version":[{"id":1516,"href":"https:\/\/tus08senne1-fussball.de\/index.php?rest_route=\/wp\/v2\/posts\/1515\/revisions\/1516"}],"wp:attachment":[{"href":"https:\/\/tus08senne1-fussball.de\/index.php?rest_route=%2Fwp%2Fv2%2Fmedia&parent=1515"}],"wp:term":[{"taxonomy":"category","embeddable":true,"href":"https:\/\/tus08senne1-fussball.de\/index.php?rest_route=%2Fwp%2Fv2%2Fcategories&post=1515"},{"taxonomy":"post_tag","embeddable":true,"href":"https:\/\/tus08senne1-fussball.de\/index.php?rest_route=%2Fwp%2Fv2%2Ftags&post=1515"}],"curies":[{"name":"wp","href":"https:\/\/api.w.org\/{rel}","templated":true}]}}