{"id":1511,"date":"2019-12-02T20:28:23","date_gmt":"2019-12-02T20:28:23","guid":{"rendered":"http:\/\/tus08senne1-fussball.de\/?p=1511"},"modified":"2019-12-02T20:28:23","modified_gmt":"2019-12-02T20:28:23","slug":"riserva-siegt-im-derby","status":"publish","type":"post","link":"https:\/\/tus08senne1-fussball.de\/?p=1511","title":{"rendered":"Riserva siegt im Derby"},"content":{"rendered":"<p>Zum Ende des Jahres 2019 und dem ersten R\u00fcckrundenspieltag konnte die Zweitvertretung der Senner einen nie gef\u00e4hrdeten 4:0 Sieg im Derby gegen den SV Brackwede einfahren. Bei kalten Temperaturen konnten Coach Pantel und Friesen auf dem heimischen Kunstrasen personell fast aus den vollen sch\u00f6pfen: vor Torh\u00fcter Sven Terveer verteidigten Ivo Dalhoff, Felix Scharf, Henrik Eckseler und Burhan Tokman. Das Mittelfeld setzte sich aus Mirko Cacic und Max Koller im Zentrum, sowie Lukas Hentschel und Tom Friedrichs auf den Au\u00dfen zusammen. In vorderster Front liefen Frank Rott und Marc Wittler auf. Komplettiert wurde die Elf durch die Ersatzbank mit Alex Klimusch, Jan-Henrik R\u00fcter, Adriaan St\u00f6tzel und Kevin Baumert.<\/p>\n<p>Auf dem gewohnten Gel\u00e4uf konnten die Gastgeber fr\u00fch das Heft in die Hand nehmen und kamen direkt zu einem vielversprechenden Abschluss, Marc Wittler zielte allerdings zu ungenau. Besser macht es eben dieser in der 17. Spielminute, als Frank Rott nach einem Ballgewinn im Mittelfeld von der Grundlinie zur\u00fccklegt und Wittler zum 1:0 treffen kann. Mit der F\u00fchrung im R\u00fccken bleiben die Senner weiterhin spielbestimmend, ohne sich dabei die ganz gro\u00dfe Zahl an Chancen herauszuspielen. In der 30. Minute ist es dann eine der \u201eGeheimwaffen\u201c der Riserva auf ihrem kleinen Kunstrasenplatz: ein flacher Absto\u00df von Terveer fliegt weit in des Gegners H\u00e4lfte, w\u00e4hrend die Brackweder regelunkundig Abseits fordern kann sich Wittler durchsetzen und einen nicht ganz platzierten Torschuss abgeben. Den daraus resultierenden Abpraller bringt Frank Rott daraufhin im gegnerischen Geh\u00e4use zur 2:0 Pausenf\u00fchrung unter.<\/p>\n<p>Zur Halbzeit konnte man mit der eigenen Leistung zufrieden sein. Zwar spielte man den Gegner alles andere als an die Wand, jedoch stand man mit der absoluten Land- und Lufthoheit vor allem im hintersten Defensivverbund sicher und lie\u00df fast nichts zu. Spielerisch konnte man zwar nicht immer in den ersten 45 Minuten \u00fcberzeugen, die Arbeit gegen den Ball im Mittelfeld funktionierte aber.<\/p>\n<p>Zur zweiten H\u00e4lfte ersetzt Baumert den nun beruflich verhinderten Tokman in der 4er Kette. Das Spiel \u00e4hnelt dabei dem der ersten Halbzeit, auch wenn nun auf beiden Seiten einige Chancen ausgelassen werden, wobei man nie wirklich den Eindruck haben muss, dass die Riserva dieses Spiel noch aus der Hand geben wird.<\/p>\n<p>Die Vorentscheidung f\u00e4llt dann in der 55. Minute: ein Cacic-Freisto\u00df kann im gegnerischen Strafraum im Get\u00fcmmel nicht gekl\u00e4rt werden, Nutznie\u00dfer ist erneut Wittler der sich aus 11m bedankt und zum 3:0 einschiebt. In der Folge spielt die Riserva die komfortable F\u00fchrung teilweise etwas zu locker runter, so ergeben sich ab und zu noch einige Chancen f\u00fcr die Brackweder, die sich heute vor dem Tor allerdings teils sehr ungest\u00fcm anstellen oder am sicheren R\u00fcckhalt Terveer scheitern. Neu ins Spiel kommen auf Senner Seite noch St\u00f6tzel und R\u00fcter, wodurch das Angriffsspiel noch einmal belebt werden soll. Dabei k\u00f6nnen Friedrichs und Hentschel mehrfach durch das Zentrum in Szene gesetzt werden, scheitern allerdings aus aussichtsreichen Positionen. Besser macht es Youngster Hentschel dann in der 80. Minute, als er eine Koller-Ecke am Strafraumrand annehmen kann, und wuchtig im Brackweder Tor zum 4:0 Endstand unterbringt. <\/p>\n<p>Damit endet das Jahr 2019 mit dem 5. Sieg aus den letzten sechs Spielen \u00e4hnlich erfolgreich, wie es bereits angefangen hat: liga- und saison\u00fcbergreifend kann die Riserva auf eine beachtliche Statistik von 24 Siegen, 3 Unentschieden und nur 5 Niederlagen zur\u00fcckblicken. Platz drei in der neuen Liga mit nur einem Punkt R\u00fcckstand auf den (wahrscheinlich) zur Aufstiegsrelegation berechtigten Platz zwei (SC Halle) ist eine enorme Leistung aller Beteiligten. Dass nicht alles Gold ist was gl\u00e4nzt, sollte uns dabei jedoch auch klar sein. Zu oft stand man mit nur 6-8 Leuten auf dem Trainingsplatz und auch nicht jeder Sieg war verdient und souver\u00e4n. Der gegebene Raum zur Verbesserung sollte uns genug Motivation sein, um auch im kommenden Jahr wieder Gr\u00fcnde zum Jubeln zu haben.<\/p>\n","protected":false},"excerpt":{"rendered":"<p>Zum Ende des Jahres 2019 und dem ersten R\u00fcckrundenspieltag konnte die Zweitvertretung der Senner einen nie gef\u00e4hrdeten 4:0 Sieg im Derby gegen den SV Brackwede einfahren. Bei kalten Temperaturen konnten Coach Pantel und Friesen auf dem heimischen Kunstrasen personell fast aus den vollen sch\u00f6pfen: vor Torh\u00fcter Sven Terveer verteidigten Ivo Dalhoff, Felix Scharf, Henrik Eckseler [&hellip;]<\/p>\n","protected":false},"author":1,"featured_media":0,"comment_status":"closed","ping_status":"closed","sticky":false,"template":"","format":"standard","meta":{"footnotes":""},"categories":[2],"tags":[],"class_list":["post-1511","post","type-post","status-publish","format-standard","hentry","category-spielberichte"],"_links":{"self":[{"href":"https:\/\/tus08senne1-fussball.de\/index.php?rest_route=\/wp\/v2\/posts\/1511","targetHints":{"allow":["GET"]}}],"collection":[{"href":"https:\/\/tus08senne1-fussball.de\/index.php?rest_route=\/wp\/v2\/posts"}],"about":[{"href":"https:\/\/tus08senne1-fussball.de\/index.php?rest_route=\/wp\/v2\/types\/post"}],"author":[{"embeddable":true,"href":"https:\/\/tus08senne1-fussball.de\/index.php?rest_route=\/wp\/v2\/users\/1"}],"replies":[{"embeddable":true,"href":"https:\/\/tus08senne1-fussball.de\/index.php?rest_route=%2Fwp%2Fv2%2Fcomments&post=1511"}],"version-history":[{"count":1,"href":"https:\/\/tus08senne1-fussball.de\/index.php?rest_route=\/wp\/v2\/posts\/1511\/revisions"}],"predecessor-version":[{"id":1512,"href":"https:\/\/tus08senne1-fussball.de\/index.php?rest_route=\/wp\/v2\/posts\/1511\/revisions\/1512"}],"wp:attachment":[{"href":"https:\/\/tus08senne1-fussball.de\/index.php?rest_route=%2Fwp%2Fv2%2Fmedia&parent=1511"}],"wp:term":[{"taxonomy":"category","embeddable":true,"href":"https:\/\/tus08senne1-fussball.de\/index.php?rest_route=%2Fwp%2Fv2%2Fcategories&post=1511"},{"taxonomy":"post_tag","embeddable":true,"href":"https:\/\/tus08senne1-fussball.de\/index.php?rest_route=%2Fwp%2Fv2%2Ftags&post=1511"}],"curies":[{"name":"wp","href":"https:\/\/api.w.org\/{rel}","templated":true}]}}