{"id":1490,"date":"2019-11-12T07:52:21","date_gmt":"2019-11-12T07:52:21","guid":{"rendered":"http:\/\/tus08senne1-fussball.de\/?p=1490"},"modified":"2019-11-12T07:52:21","modified_gmt":"2019-11-12T07:52:21","slug":"reifer-waldbadexpress-rauscht-zum-naechsten-sieg","status":"publish","type":"post","link":"https:\/\/tus08senne1-fussball.de\/?p=1490","title":{"rendered":"Reifer Waldbadexpress rauscht zum n\u00e4chsten Sieg"},"content":{"rendered":"<p>Nach dem 14. Spieltag der Bezirksliga Staffel 2 belegt der Waldbadexpress zum ersten Mal in der laufenden Serie einen einstelligen Tabellenplatz. Der ungef\u00e4hrdete 3:0-Ausw\u00e4rtserfolg beim SC Bielefeld, die als etablierter Bezirksligist einen gro\u00dfen Personalumbruch im Sommer zu organisieren hatten, sp\u00fclt die Kicker vom Waldbad in der Tabelle auf Rang acht. Wir werden nicht m\u00fcde zu betonen, dass mit dem Sieg auch die damit verbundene niederlagenfreie Serie auf nun elf Pflichtspiele in Folge ausgeweitet werden konnte.<\/p>\n<p>Unter der Woche musste das Trainer-Duo Mike Wahsner und Christian Lyko noch darum bangen, dass man an diesem Sonntag, der seinem Namen alle Ehre machte, dennoch einen schlagkr\u00e4ftigen Kader beim Ausw\u00e4rtsspiel am Meierteich aufbieten kann. Die drei Trainingseinheiten waren gepr\u00e4gt von zahlreichen krankheitsbedingten Absagen, sodass an eine ideale Vorbereitung auf das sonnt\u00e4gliche Spiel nicht wirklich zu denken war. Hinzu kam, dass mit dem rot-gesperrten Malte Gruner und seinem j\u00fcngeren Bruder Ole, die am Wochenende privat in Berlin weilten, zwei f\u00fcr das eigene Spielsystem essenziell wichtige Spieler fehlten.<\/p>\n<p>Zum Spieltag meldeten sich dann aber alle angeschlagenen Spieler fit, sodass Chef-Coach Wahsner folgender Elf das Vertrauen schenkte: Im Tor hielt Felix Winkler seinen Kasten sauber. Die Abwehrreihe, bestehend aus Massimo Zanghi, Gian-Luca Linstromberg, Stefan Dopheide und Marcel Landgraf, unterst\u00fctzten den Senner Schlussmann bei der Mission \u201ezu Null\u201c. Im Mittelfeld lief Timon Finger erstmals auf der \u201eSechs\u201c neben Michel Dennin auf. Die Fl\u00fcgelzange aus Matthes Schwabedissen und Simon Czernia erinnerte an die temporeichen, meist erfolgreichen Spiele der letztj\u00e4hrigen Aufstiegssaison. Ganz vorne drin liefen mit Cem Beyer und Philipp Schlegel zwei gut harmonierende Akteure auf, denen jedoch das n\u00f6tige Qu\u00e4ntchen Gl\u00fcck im Abschluss verwehrt war.<\/p>\n<p>Mit dem Anpfiff zeigt der Gastgeber das, wovor Coach Wahsner in seiner Ansprache vor dem Spiel noch gewarnt hatte. W\u00e4hrend die Senner Elf mit den Positionsumstellungen im eigenen Spiel kleine Startschwierigkeiten hat, geben die Hausherren lautstark und mit einer griffigeren Zweikampff\u00fchrung zun\u00e4chst den Ton auf dem eigenen Gel\u00e4uf an. Ohne jedoch brandgef\u00e4hrlich zu werden verflacht das Spiel des SC, sodass Senne mit zunehmender Stabilit\u00e4t mehr und mehr die Spielkontrolle an sich rei\u00dfen kann. Ab Minute zehn steht dann aber die Senner Elf auf dem Platz, die seit dem 5. Spieltag un\u00fcberwindbar scheint.<\/p>\n<p>Je l\u00e4nger die erste H\u00e4lfte andauert, desto zielstrebiger werden die Aktionen der in blau gekleideten G\u00e4ste. Die schnellen Au\u00dfenspieler Matthes Schwabedissen und Simon Czernia werden von den zentral agierenden Akteuren immer wieder in die Tiefe des gro\u00dfen Platzes geschickt, um ein Angriff nach dem anderen auf den Kasten der Hausherren vorzutragen. Auch die Doppelspitze Cem Beyer und Philipp Schlegel sorgt mit seinen Wegen und Aktionen immer wieder f\u00fcr Unordnung in der gr\u00fcnen Hintermannschaft. Dennoch dauert es bis Minute 41, ehe die G\u00e4ste vom Waldbad jubeln k\u00f6nnen. Nach einer eher un\u00fcbersichtlichen Aktion im Straufraum der Hausherren springt der Ball vor die F\u00fc\u00dfe von Michel Dennin, der sich das Spielger\u00e4t auf den schw\u00e4cheren linken Fu\u00df legt und mit einem platzierten Schuss ins linke Eck die 1:0-F\u00fchrung erzielen kann &#8211; Halbzeit.<\/p>\n<p>Die Analyse in der Halbzeit f\u00e4llt kurz, aber passend aus. Man beherrscht das Spiel und den Gegner, die knappe 1:0-F\u00fchrung ist aber zu wenig f\u00fcr einen entspannten Nachmittag. Klarere und konzentriertere Offensivaktionen sollen den zweiten und dritten Treffer herbeif\u00fchren. Derweil r\u00fcckt Dennis Ambrosius, der den angeschlagenen Philipp Schlegel ersetzt, zum Beginn des zweiten Abschnitts auf den rechten Fl\u00fcgel.<\/p>\n<p>Kurz nach Wiederanpfiff merkt man den Hausherren deutlich an, dass diese das Spiel noch nicht g\u00e4nzlich abgeschenkt haben. Die Partie wird nickeliger, die Zweik\u00e4mpfe werden intensiver und der Gespr\u00e4chsbedarf wird erh\u00f6ht. W\u00e4hrend der SCB auf den Ausgleich dr\u00fcckt, bis auf zwei gute Abschl\u00fcsse jedoch nichts nennenswertes vorzuweisen hat, ergeben sich f\u00fcr die Senner gro\u00dfe R\u00e4ume und einige Konterchancen, die lange Zeit nicht genutzt werden k\u00f6nnen. Eine gute Viertelstunde vor Schluss ist es dann erneut eine schnelle Umschaltbewegung der Senner, an dessen Ende ein Abschluss steht, der von einem SCB\u2018ler mit der Hand im eigenen Strafraum abgewehrt wird &#8211; Strafsto\u00df Senne! Michel Dennin tritt an, legt sich den Ball zurecht und versenkt das Leder sicher im rechten Toreck zur beruhigenden 2:0-F\u00fchrung. Nur f\u00fcnf Zeigerumdrehungen sp\u00e4ter k\u00f6nnen die Senner Akteure dann die endg\u00fcltige Vorentscheidung bejubeln. Ein von Michel Dennin von halblinks scharf vor das Tor geschlagener Freisto\u00df findet den mittlerweile eingewechselten Frank Rott, der unbedr\u00e4ngt zum 3:0 eink\u00f6pfen kann. Die Schlusssequenz verl\u00e4uft ereignislos, sodass der \u201eZu-Null-Sieg\u201c nicht mehr in Gefahr kommt.<\/p>\n<p>Vor allem f\u00fcr unseren H\u00fcter Felix Winkler, der mit gro\u00dfem Elan und gro\u00dfer Begeisterung im Sommer zu uns kam, in den ersten f\u00fcnf Wochen der Spielzeit aber einfach viel zu oft hinter sich greifen musste, freut uns dieser erneute Erfolg &#8211; harte Arbeit zahlt sich aus! Ein toller Begleitumstand des Erfolgs ist ebenfalls, dass sich unser Puffer auf die Abstiegspl\u00e4tze nun auf neun Punkte vergr\u00f6\u00dfert. Die Phase, in der wir zum punkten verdammt waren, ist vorerst beendet. Zur\u00fccklehnen und runterfahren? Auf keinen Fall! Wir haben uns ein internes Ziel ausgerufen, f\u00fcr das es jetzt noch einmal bis Mitte Dezember zu arbeiten gilt. Lasst uns die Trainingsbeteiligung noch einmal erh\u00f6hen, die Trainingsintensit\u00e4t steigern und unerm\u00fcdlich Punkte sammeln &#8211; nur so macht der Sport, den wir aus\u00fcben, Spa\u00df.<\/p>\n","protected":false},"excerpt":{"rendered":"<p>Nach dem 14. Spieltag der Bezirksliga Staffel 2 belegt der Waldbadexpress zum ersten Mal in der laufenden Serie einen einstelligen Tabellenplatz. Der ungef\u00e4hrdete 3:0-Ausw\u00e4rtserfolg beim SC Bielefeld, die als etablierter Bezirksligist einen gro\u00dfen Personalumbruch im Sommer zu organisieren hatten, sp\u00fclt die Kicker vom Waldbad in der Tabelle auf Rang acht. Wir werden nicht m\u00fcde zu [&hellip;]<\/p>\n","protected":false},"author":1,"featured_media":0,"comment_status":"closed","ping_status":"closed","sticky":false,"template":"","format":"standard","meta":{"footnotes":""},"categories":[2],"tags":[],"class_list":["post-1490","post","type-post","status-publish","format-standard","hentry","category-spielberichte"],"_links":{"self":[{"href":"https:\/\/tus08senne1-fussball.de\/index.php?rest_route=\/wp\/v2\/posts\/1490","targetHints":{"allow":["GET"]}}],"collection":[{"href":"https:\/\/tus08senne1-fussball.de\/index.php?rest_route=\/wp\/v2\/posts"}],"about":[{"href":"https:\/\/tus08senne1-fussball.de\/index.php?rest_route=\/wp\/v2\/types\/post"}],"author":[{"embeddable":true,"href":"https:\/\/tus08senne1-fussball.de\/index.php?rest_route=\/wp\/v2\/users\/1"}],"replies":[{"embeddable":true,"href":"https:\/\/tus08senne1-fussball.de\/index.php?rest_route=%2Fwp%2Fv2%2Fcomments&post=1490"}],"version-history":[{"count":1,"href":"https:\/\/tus08senne1-fussball.de\/index.php?rest_route=\/wp\/v2\/posts\/1490\/revisions"}],"predecessor-version":[{"id":1491,"href":"https:\/\/tus08senne1-fussball.de\/index.php?rest_route=\/wp\/v2\/posts\/1490\/revisions\/1491"}],"wp:attachment":[{"href":"https:\/\/tus08senne1-fussball.de\/index.php?rest_route=%2Fwp%2Fv2%2Fmedia&parent=1490"}],"wp:term":[{"taxonomy":"category","embeddable":true,"href":"https:\/\/tus08senne1-fussball.de\/index.php?rest_route=%2Fwp%2Fv2%2Fcategories&post=1490"},{"taxonomy":"post_tag","embeddable":true,"href":"https:\/\/tus08senne1-fussball.de\/index.php?rest_route=%2Fwp%2Fv2%2Ftags&post=1490"}],"curies":[{"name":"wp","href":"https:\/\/api.w.org\/{rel}","templated":true}]}}