{"id":1443,"date":"2019-10-15T13:10:27","date_gmt":"2019-10-15T13:10:27","guid":{"rendered":"http:\/\/tus08senne1-fussball.de\/?p=1443"},"modified":"2019-10-15T13:10:27","modified_gmt":"2019-10-15T13:10:27","slug":"riserva-legt-den-schalter-um","status":"publish","type":"post","link":"https:\/\/tus08senne1-fussball.de\/?p=1443","title":{"rendered":"Riserva legt den Schalter um"},"content":{"rendered":"<p>Nach zuletzt entt\u00e4uschenden Wochen konnte die Riserva am 10. Spieltag der Kreisliga B den Abw\u00e4rtstrend stoppen und bei Mitaufsteiger KuS Beli Orlovi Srbija Bielefeld einen 3:0 Ausw\u00e4rtssieg feiern. Bei sonnigen 21 Grad schickte das Trainerduo Pantel\/Friesen folgende Elf auf den ungeliebten Hartplatz in Oldentrup: vor Schnapper Sven Terveer verteidigten heute kompromisslos und ohne Makel Burhan Tokman, Felix Scharf, Jan-Hendrik R\u00fcter und Ivo Dalhoff. Auf der Doppelsechs kam neben Mirko Cacic diesmal Max \u201eMacki\u201c Koller zum ersten Startelfeinsatz, davor bedienten die beiden Au\u00dfen Adriaan St\u00f6tzel und Tom Friedrichs die Offensivakteure Fabio Schiprowski und Marc Wittler. Komplettiert wurde das Team durch Chris Laugwitz, Jonny Friesen, Lukas Hentschel und Alex Schulze.<\/p>\n<p>Coach Pantel appellierte vor Beginn der Partie an alle aktiven Akteure, ein anderes Gesicht als in den Vorwochen zu zeigen. Dazu geh\u00f6rte nicht nur eine variablere Spielweise, sondern auch Einsatz und Willen. So kam man nach einer Schrecksekunde in den ersten Minuten, als Terveer im 1 gegen 1 entsch\u00e4rfen musste, auch deutlich besser in das Spiel und beherrschte Ball und Gegner. Aus der heute sicheren Defensive konnte so der Spielaufbau \u00fcber die gut abgestimmte Doppelsechs erfolgen. Immer wieder k\u00f6nnen so die schnellen Au\u00dfenspieler St\u00f6tzel und Friedrichs eingesetzt werden, welche die nachr\u00fcckenden Spieler im Zentrum freispielen. <\/p>\n<p>Nach 23 Minuten ist es dann ein solcher Ball der von Schiprowski auf Cacic abgelegt wird. Aus gut 25m hat der Balkanbomber Zeit und Raum und kann das Leder mit einem satten Rechtsschuss in der rechten unteren Torecke unterbringen. Das f\u00fcr die Riserva \u00fcberraschende Gef\u00fchl einer F\u00fchrung tut den Mannen sichtlich gut, denn auch in der Folge l\u00e4uft nicht nur das Leder in den Senner Reihen, auch die Defensive erledigt heute ihren Job exzellent und bekommt tatkr\u00e4ftige, einsatzfreudige Hilfe aus allen Mannschaftsteilen. Nach 35 Minuten ist es dann erneut Cacic, der in der Mitte Platz und das n\u00f6tige Auge hat, um Wittler in die Schnittstelle der Abwehr zu bedienen. Aus knapp 15m reicht dann ein platzierter Rechtsschuss, um die Senner mit 2:0 in Front zu bringen. Mit der recht komfortablen Halbzeitf\u00fchrung ist man sich untereinander einig, keinen Centimeter von der eigenen Marschroute abzuweichen und genau so konzentriert weiterzuarbeiten. F\u00fcr weitere Akzente sollen in der zweiten Halbzeit Chris \u201eCL7\u201c Laugwitz, Alex \u201eSpeedster\u201c Schulze und wenig sp\u00e4ter auch Lukas Hentschel sorgen. <\/p>\n<p>Die zweite Halbzeit ist der ersten sehr \u00e4hnlich, die Senner bleiben spielbestimmend und die wenigen Vorst\u00f6\u00dfe von KuS Beli enden sp\u00e4testens in den H\u00e4nden von Schlussmann Terveer. Die Vorentscheidung folgt in der 68. Minute, als Laugwitz und Schulze sich \u00fcber die rechte Seite durchkombinieren k\u00f6nnen und letzterer den v\u00f6llig freistehenden Wittler in der Mitte bedienen kann. Dieser kann in aller Ruhe den Ball verarbeiten und aus 15m den herauslaufenden Torwart zum 3:0 Endstand \u00fcberwinden. Die restliche Spielzeit verwalten die Senner das Ergebnis, w\u00e4hrend KuS Beli zwar versucht offensiv Akzente zu setzen, allerdings verteidigt die Riserva heute konsequent und kann somit den zweiten \u201ezu 0\u201c Sieg der Saison einfahren. Nach den schwer verdaubaren Negativerlebnissen der letzten Woche ist dieser 3:0 Sieg Balsam f\u00fcr alle Beteiligten. Dass die Riserva den Kampf angenommen hat, sich variabel in der Offensive zeigte und alle an einem Strang zogen, ist vor allem auf dem holprigen Ascheplatz der richtige Wegweiser f\u00fcr k\u00fcnftige Spiele. <\/p>\n","protected":false},"excerpt":{"rendered":"<p>Nach zuletzt entt\u00e4uschenden Wochen konnte die Riserva am 10. Spieltag der Kreisliga B den Abw\u00e4rtstrend stoppen und bei Mitaufsteiger KuS Beli Orlovi Srbija Bielefeld einen 3:0 Ausw\u00e4rtssieg feiern. Bei sonnigen 21 Grad schickte das Trainerduo Pantel\/Friesen folgende Elf auf den ungeliebten Hartplatz in Oldentrup: vor Schnapper Sven Terveer verteidigten heute kompromisslos und ohne Makel Burhan [&hellip;]<\/p>\n","protected":false},"author":1,"featured_media":0,"comment_status":"closed","ping_status":"closed","sticky":false,"template":"","format":"standard","meta":{"footnotes":""},"categories":[2],"tags":[],"class_list":["post-1443","post","type-post","status-publish","format-standard","hentry","category-spielberichte"],"_links":{"self":[{"href":"https:\/\/tus08senne1-fussball.de\/index.php?rest_route=\/wp\/v2\/posts\/1443","targetHints":{"allow":["GET"]}}],"collection":[{"href":"https:\/\/tus08senne1-fussball.de\/index.php?rest_route=\/wp\/v2\/posts"}],"about":[{"href":"https:\/\/tus08senne1-fussball.de\/index.php?rest_route=\/wp\/v2\/types\/post"}],"author":[{"embeddable":true,"href":"https:\/\/tus08senne1-fussball.de\/index.php?rest_route=\/wp\/v2\/users\/1"}],"replies":[{"embeddable":true,"href":"https:\/\/tus08senne1-fussball.de\/index.php?rest_route=%2Fwp%2Fv2%2Fcomments&post=1443"}],"version-history":[{"count":1,"href":"https:\/\/tus08senne1-fussball.de\/index.php?rest_route=\/wp\/v2\/posts\/1443\/revisions"}],"predecessor-version":[{"id":1444,"href":"https:\/\/tus08senne1-fussball.de\/index.php?rest_route=\/wp\/v2\/posts\/1443\/revisions\/1444"}],"wp:attachment":[{"href":"https:\/\/tus08senne1-fussball.de\/index.php?rest_route=%2Fwp%2Fv2%2Fmedia&parent=1443"}],"wp:term":[{"taxonomy":"category","embeddable":true,"href":"https:\/\/tus08senne1-fussball.de\/index.php?rest_route=%2Fwp%2Fv2%2Fcategories&post=1443"},{"taxonomy":"post_tag","embeddable":true,"href":"https:\/\/tus08senne1-fussball.de\/index.php?rest_route=%2Fwp%2Fv2%2Ftags&post=1443"}],"curies":[{"name":"wp","href":"https:\/\/api.w.org\/{rel}","templated":true}]}}