{"id":1417,"date":"2019-09-24T06:21:17","date_gmt":"2019-09-24T06:21:17","guid":{"rendered":"http:\/\/tus08senne1-fussball.de\/?p=1417"},"modified":"2019-09-24T06:21:17","modified_gmt":"2019-09-24T06:21:17","slug":"ein-punkt-fuer-die-psyche-waldbadexpress-erkaempft-sich-ein-11-remis","status":"publish","type":"post","link":"https:\/\/tus08senne1-fussball.de\/?p=1417","title":{"rendered":"Ein Punkt f\u00fcr die Psyche &#8211; Waldbadexpress erk\u00e4mpft sich ein 1:1-Remis"},"content":{"rendered":"<p class=\"Text\">Wieder einmal durchlebte die junge Senner Elf am siebten Spieltag der Bezirksliga ein Wechselbad der Gef\u00fchle. Mit der Elf des VfB Schlo\u00df Holte, die in der vergangenen Spielzeit erst in der Relegation zum Aufstieg in die Landesliga gescheitert war, gab sich durchaus ein Schwergewicht der Liga die Ehre in der heimischen bpi-Arena. Dabei lag es insbesondere an der starken Willensleistung der Heimelf, dass beide Mannschaften am Ende in eine durchaus gerechtes Remis einwilligen mussten. Die Bedingungen stimmten schon lange vor dem Ansto\u00df: Der Wettergott meinte es bei \u00fcber 20 Grad ein vielleicht letztes Mal in diesem Kalenderjahr mehr als gut mit den 22 Akteuren auf dem Platz. In Kombination mit dem top gepflegten Rasen bot das herrliche Sp\u00e4tsommerwetter einen mehr als w\u00fcrdigen Rahmen f\u00fcr den n\u00e4chsten Senner Anlauf auf die n\u00e4chsten Z\u00e4hler.<\/p>\n<p class=\"Text\">Im Vergleich zu den beiden Vorwochen litt die Intensit\u00e4t der drei Trainingseinheiten unter der Woche ein wenig aufgrund von einigen beruflich- und krankheitsbedingten Absagen. Dennoch konnte das Trainer-Duo Wahsner\/Lyko am Spieltag personell fast aus den Vollen sch\u00f6pfen und sich gleichzeitig sogar den Luxus erlauben, einige Akteure zur Unterst\u00fctzung an die zweite Mannschaft abzutreten. <span lang=\"EN-US\">So <\/span>\u00e4nderte sich mit Blick auf die Aufstellung zum 3:0-Vorwochenerfolg \u00fcber den SC Hicret nur auf einer Position etwas. Keeper Felix Winkler sah mit Massimo Zanghi, <span lang=\"IT\">Gian-Luca Linstromberg<\/span>, <span lang=\"NL\">Stefan Dopheide<\/span>und Marcel Landgraf die identische Abwehrkette vor sich. Neben dem zentralen Mittelfeld-Duo, bestehend aus Ole Gruner und Michel Dennin, beackerten R\u00fcckkehrer Matthes Schwabedissen und sein Pendant<span lang=\"PT\">Luka Marquardt<\/span>die Au\u00dfenbahnen. In der vordersten Angriffsreihe war einmal mehr Verlass auf die laufstarken und mannschaftsdienlich agierenden Timon Finger und Kapit\u00e4n Malte Gruner.<\/p>\n<p class=\"Text\">Die ersten Z\u00e4hler aus der Vorwoche l\u00f6sten vor allem einige Knoten im Kopf, sodass man von Beginn an nicht gewillt war, dem spielerisch favorisiertem Gast auf dem eigenen Platz die Kontrolle \u00fcber das Spielgeschehen zu \u00fcberlassen. Dennoch begann die Partie alles andere als optimal: Nicht einmal f\u00fcnf Minuten sind gespielt, da kombiniert sich der Gast mit einer guten Ballstafette durchaus ansehnlich durch das Senner Mittelfeld. Dem Holter Rechtsau\u00dfen gelingt eine scharfe Flanke, die im Strafraum zun\u00e4chst an Freund und Feind vorbeisegelt, am Ende aber auf dem Kopf von Gian-Luca Linstromberg landet. Sennes Innenverteidiger will den Ball wenige Meter vor dem eigenen Geh\u00e4use zur Ecke kl\u00e4ren, trifft das runde Leder dabei aber leider so ungl\u00fccklich, dass das eigene Tornetz zappelt &#8211; erneut ein fr\u00fcher Schlag in\u2019s Gesicht, von dem sich die in gelb gekleideten Hausherren ein paar Minuten erholen m\u00fcssen.<\/p>\n<p class=\"Text\">Sp\u00e4testens ab Minute 15 sind dann aber alle Senner Kicker sowohl psychisch als auch physisch auf Betriebstemperatur. Entgegen der eigenen Annahme, dass die G\u00e4ste das Spiel machen und den Ball in den eigenen Reihen zirkulieren lassen wollen, entwickelt sich ein ausgeglichenes Spiel. Das Innenverteidiger-Duo Linstromberg und Dopheide zieht das Spiel in Kombination mit der Doppelsechs immer wieder in guter Abwechslung aus langen B\u00e4llen in die Tiefe und kurzen B\u00e4llen in die Schnittstellen auf. Vor allem R\u00fcckkehrer Schwabedissen muss auf der rechten Flanke l\u00e4uferische Schwerstarbeit leisten, um offensiv und defensiv auf der H\u00f6he zu sein. Insgesamt steht die Senner Hintermannschaft &#8211; bis auf zwei kleine Unachtsamkeiten &#8211; erneut stabil und l\u00e4sst wenig zu. Lediglich das Spiel nach vorne l\u00e4sst im letzten Drittel noch die notwendige, aber entscheidende Pr\u00e4zision vermissen. Daher bestimmen wenig Torszenen, daf\u00fcr aber schnelle Umschaltmomente und eine gesunde Zweikampfh\u00e4rte das Spielgeschehen bis zur Halbzeit.<\/p>\n<p class=\"Text\">In der Halbzeitpause geht ein Ruck durch die Senner Elf, da nun auch die letzten Zweifler im und um das Team erkennen, dass hier heute erneut etwas Z\u00e4hlbares mitgenommen werden kann. Die fehlende spielerische Dominanz der G\u00e4ste, die man aufgrund der Qualit\u00e4t im Kader durchaus erwarten darf, gepaart mit der eigenen physischen Pr\u00e4senz geben einen letzten Motivationsschub f\u00fcr den zweiten Abschnitt. Das Bild ist nahezu identisch zu dem in Durchgang eins: Im Spiel gegen den Ball wird jeder heran rollende Angriff der Holter mit allen zur Verf\u00fcgung stehenden Mitteln verteidigt &#8211; nur so geht es in dieser Liga! Zudem gelingen immer wieder Balleroberungen in der eigenen H\u00e4lfte, die f\u00fcr schnelle Konter genutzt werden und mehr und mehr Gefahr auf das G\u00e4stetor ausstrahlen. Die eigene Spielanlage wirkt klarer und ein St\u00fcck weit reifer als noch in den Wochen zuvor.<\/p>\n<p class=\"Text\">Zwanzig Minuten vor dem Abpfiff belohnt sich der bis dato wacker k\u00e4mpfende Waldbadexpress dann endlich f\u00fcr den couragierten Auftritt. Wieder einmal ist es Schwabedissen, der sich auf der rechten Seite durchsetzt und in der Mitte Spielf\u00fchrer Malte Gruner an der Kante zum Strafraum erkennt. Gruner nimmt den Ball an, verarbeitet diesen technisch sauber und l\u00e4sst einen nicht allzu strammen, daf\u00fcr aber verdeckten Schuss in Richtung des Holter Schlussmannes ab. Der fu\u00dfballerisch starke G\u00e4stekeeper offenbart bei der Abwehraktion auf der Linie eine kurze Schw\u00e4che, l\u00e4sst den Ball nach vorne abklatschen, wo Gruner\u2019s Sturmpartner Timon Finger dankend den Ball zum Ausgleich in die Maschen drischt &#8211; 1:1, Ausgleich Senne!<\/p>\n<p class=\"Text\">In der letzten Viertelstunde muss die Senner Elf dem bisherigen Spielverlauf kr\u00e4ftem\u00e4\u00dfig ein wenig Tribut zollen und einige schwierige Szenen der G\u00e4ste vor dem eigenen Tor \u00fcberstehen. Die gef\u00e4hrlichste Aktion wird einmal mehr vom \u00fcberragend agierenden Schlussmann Felix Winkler gekl\u00e4rt, der dem eingewechselten VfB-St\u00fcrmer im eins gegen eins mit aller Macht die Stirn bietet und in einer Monsterparade seine ganze Klasse zeigt &#8211; Chapeau! Auch der Gast bietet noch einmal R\u00e4ume, die f\u00fcr die letzten \u00fcberfallartigen Senner Angriffe genutzt werden, der erhoffte und viel zitierte Lucky Punch bleibt am Ende aber aus.<\/p>\n<p class=\"Text\">Es passiert nicht allzu h\u00e4ufig, dass diese Senner Elf mit einem Punkt unter dem Arm den Platz verl\u00e4sst. Genau das konnte man kurz nach dem Schlusspfiff auch in einigen Gesichtern der Akteure erkennen. Freut man sich, dass man nicht verloren hat oder trauert man dem vielleicht gl\u00fccklichen, aber alles andere als unm\u00f6glichen Sieg hinterher? Nat\u00fcrlich haben wir den Anspruch, das Beste in unserem Sport zu erreichen. Beim Fu\u00dfball ist das in einem Spiel, welches 90 Minuten dauert, eben nunmal der Sieg und die damit einhergehenden drei Punkte. In der Situation, in der wir uns aber befinden, muss jeder einzelne vielleicht so klar im Kopf sein, dass man sich mit einem Unentschieden zufrieden gibt. Wichtig ist, die Art und Weise der Entstehung zu betrachten. Die vier Z\u00e4hler, die in den vergangenen beiden Wochen auf der Habenseite verbuchten werden konnten, hat man einem gro\u00dfen Einsatzwillen, einer entfesselten Leidenschaft und einem starken Teamgeist zu verdanken. All diese Attribute m\u00fcssen Training f\u00fcr Training, Spiel f\u00fcr Spiel an den Tag gelegt werden, um GEMEINSAM die Leiter aus dem Tabellenkeller empor zu klettern.<\/p>\n","protected":false},"excerpt":{"rendered":"<p>Wieder einmal durchlebte die junge Senner Elf am siebten Spieltag der Bezirksliga ein Wechselbad der Gef\u00fchle. Mit der Elf des VfB Schlo\u00df Holte, die in der vergangenen Spielzeit erst in der Relegation zum Aufstieg in die Landesliga gescheitert war, gab sich durchaus ein Schwergewicht der Liga die Ehre in der heimischen bpi-Arena. Dabei lag es [&hellip;]<\/p>\n","protected":false},"author":1,"featured_media":0,"comment_status":"closed","ping_status":"open","sticky":false,"template":"","format":"standard","meta":{"footnotes":""},"categories":[2],"tags":[],"class_list":["post-1417","post","type-post","status-publish","format-standard","hentry","category-spielberichte"],"_links":{"self":[{"href":"https:\/\/tus08senne1-fussball.de\/index.php?rest_route=\/wp\/v2\/posts\/1417","targetHints":{"allow":["GET"]}}],"collection":[{"href":"https:\/\/tus08senne1-fussball.de\/index.php?rest_route=\/wp\/v2\/posts"}],"about":[{"href":"https:\/\/tus08senne1-fussball.de\/index.php?rest_route=\/wp\/v2\/types\/post"}],"author":[{"embeddable":true,"href":"https:\/\/tus08senne1-fussball.de\/index.php?rest_route=\/wp\/v2\/users\/1"}],"replies":[{"embeddable":true,"href":"https:\/\/tus08senne1-fussball.de\/index.php?rest_route=%2Fwp%2Fv2%2Fcomments&post=1417"}],"version-history":[{"count":1,"href":"https:\/\/tus08senne1-fussball.de\/index.php?rest_route=\/wp\/v2\/posts\/1417\/revisions"}],"predecessor-version":[{"id":1418,"href":"https:\/\/tus08senne1-fussball.de\/index.php?rest_route=\/wp\/v2\/posts\/1417\/revisions\/1418"}],"wp:attachment":[{"href":"https:\/\/tus08senne1-fussball.de\/index.php?rest_route=%2Fwp%2Fv2%2Fmedia&parent=1417"}],"wp:term":[{"taxonomy":"category","embeddable":true,"href":"https:\/\/tus08senne1-fussball.de\/index.php?rest_route=%2Fwp%2Fv2%2Fcategories&post=1417"},{"taxonomy":"post_tag","embeddable":true,"href":"https:\/\/tus08senne1-fussball.de\/index.php?rest_route=%2Fwp%2Fv2%2Ftags&post=1417"}],"curies":[{"name":"wp","href":"https:\/\/api.w.org\/{rel}","templated":true}]}}