{"id":1407,"date":"2019-09-17T06:14:15","date_gmt":"2019-09-17T06:14:15","guid":{"rendered":"http:\/\/tus08senne1-fussball.de\/?p=1407"},"modified":"2019-09-17T06:14:34","modified_gmt":"2019-09-17T06:14:34","slug":"erster-saisonsieg-waldbadexpress-belohnt-sich-fuer-harte-arbeit","status":"publish","type":"post","link":"https:\/\/tus08senne1-fussball.de\/?p=1407","title":{"rendered":"Erster Saisonsieg &#8211; Waldbadexpress belohnt sich f\u00fcr harte Arbeit"},"content":{"rendered":"<p>Ganze sechs Wochen musste der in den vergangenen Monaten oft und viel gelobte Waldbadexpress auf diesen einen erl\u00f6senden Moment warten. Nach sechs, vor allem psychisch schwer zu verarbeitende Wochen war es dann am vergangenen Sonntag soweit: Dank des 3:0-Erfolgs beim SC Hicret stehen die langersehnten ersten Punkte in der Bezirksliga auf der Habenseite!<\/p>\n<p>Entgegen unserer eigenen fu\u00dfballerischen Grundidee, den Ball eher laufen zu lassen und \u00fcber schnelles Offensivspiel zum Erfolg zu kommen, bot der gro\u00dfe Ascheplatz am Gleisdreieck nicht unbedingt die ideale Grundlage daf\u00fcr. Wenn man in den beiden vergangenen Trainingswochen aber eine signifikante Ver\u00e4nderung visuell wahrnehmen konnte, dann, dass es auch untereinander mit einer gesunden Portion Agressivit\u00e4t durchaus zur Sache gehen konnte. Dies wiederum bot genau die richtige Grundlage, um der erfahrenen Bezirksliga-Elf des SC Hicret auf dem ungeliebten Untergrund mit den Grundtugenden Laufbereitschaft, Einsatzbereitschaft und nicht zuletzt dem unb\u00e4ndigen Willen mehr als nur Paroli bieten zu k\u00f6nnen.<\/p>\n<p>Vor Felix Winkler, dem wieder einmal sicheren R\u00fcckhalt im Senner Geh\u00e4use, bot das Trainer-Duo Wahsner\/Lyko mit Rechtsverteidiger Massimo Zanghi, dem Innenverteidiger-Duo Gian-Luca Linstromberg und Stefan Dopheide, sowie dem Linksverteidiger Marcel Landgraf zwar eine im Vergleich zur Vorwoche ver\u00e4nderte, aber dieses Mal kaum zu \u00fcberwindende Viererkette auf. Die zweite Kette im Mittelfeld bestand aus der Doppel-Sechs Ole Gruner und Michel Dennin, sowie der Fl\u00fcgelzange Simon Czernia und Luka Marquardt. In vorderster Front liefen Timon Finger und Spielf\u00fchrer Malte Gruner auf, der mit seinen drei Treffern am Ende der 90 Minuten zum Spieler des Spiels avancieren sollte.<\/p>\n<p>Wie geht man eine Partie an, wenn man als Tabellenschlusslicht mit null Z\u00e4hlern zu einer \u00e4u\u00dferst unangenehmen Ausw\u00e4rtsaufgabe reisen muss? Entgegen dem Credo zur Vorwoche mit einem frechen Auftritt von Minute eins. Nat\u00fcrlich lag die Priorit\u00e4t, \u00e4hnlich wie in der Vorwoche, auf einer stabilen und geordneten Defensive, um nicht in\u2019s offene Messer zu laufen. Im Vergleich dazu einigte man sich aber gleichzeitig darauf, die Abwehrkette der Gastgeber anzulaufen und so fr\u00fchzeitig unter Druck zu setzen. Einzelne kleine Szenen zeigen, dass in diesem Spiel physisch und psychisch eine ganz andere Senner Elf auf dem Platz steht. Ob es Ole Gruner\u2019s Gr\u00e4tsche (!) an der Au\u00dfenlinie ist, einer von Timon Finger\u2019s zahlreicher erlaufener B\u00e4lle, Gian-Luca Linstromberg\u2019s x-tes gewonnenes Kopfbalduell oder die gute Kommunikation innerhalb der Mannschaftsteile &#8211; bereits in den ersten 30 Minuten deutete das Waldbad-Ensemble an, dass in dieser Partie mehr als nur ein Punkt drin ist.<\/p>\n<p>Die vielleicht spielentscheidende Szene ereignet sich in Minute 34, mit der die Kicker vom Waldbadexpress die Weichen gleichzeitig in Richtung Ausw\u00e4rtssieg stellen sollten. Im Anschluss an eine Ecke ist es Innenverteidiger Stefan Dopheide, der den Ball aus rund acht Metern am Torwart vorbei auf das Geh\u00e4use der Gastgeber drischt. Als die ersten Senner Arme bereits zum Jubeln in Richtung Bielefelder Himmel gehen, kl\u00e4rt Hicrets Spielf\u00fchrer den Ball als letzter Mann mit dem Oberarm auf der Torlinie. Die Folge: Doppelbestrafung = Platzverweis und Strafsto\u00df f\u00fcr den TuS 08! Kapit\u00e4n Malte Gruner \u00fcbernimmt Verantwortung und schiebt das runde Leder bei sommerlichen 24 Grad eiskalt im rechten unteren Eck ein. 1:0 Senne!<\/p>\n<p>In numerischer \u00dcberzahl bietet der gro\u00dfe Ascheplatz dem Waldbadexpress nun mehr R\u00e4ume, die zum cleveren Kontern genutzt werden k\u00f6nnen. Mit einem Tempogegensto\u00df belohnt sich die in blau gekleidete Wahsner-Elf noch vor der Pause mit einem zweiten Treffer f\u00fcr eine couragierte Leistung. Einer von vielen Ballgewinnen in der eigenen H\u00e4lfte landet bei Rechtsau\u00dfen Luka Marquardt, der den einlaufenden Malte Gruner ersp\u00e4ht und den Ball in die Spitze durchsteckt. Gruner sieht sich im eins gegen eins dem Hicret-Schlussmann gegen\u00fcber, knickt leicht nach rechts ab, dreht sich um die eigene Achse und ersp\u00e4ht die L\u00fccke am verwaisten langen Pfosten, wo der Ball dank eines gef\u00fchlvollen Abschlusses im Netz einschl\u00e4gt. 2:0 Senne, Halbzeit!<\/p>\n<p>Ein in dieser Saison bis dato noch nicht da gewesenes Gl\u00fccksgef\u00fchl, gepaart mit einer gro\u00dfen Euphorie, liegt in der Halbzeitpause in der Kabinenluft. Emotionale Kurzansprachen und klare, ordnende Worte geben die Richtung f\u00fcr Durchgang Zwei vor, in der man den Sack mit einem dritten Tor zumachen will. In Unterzahl suchen die Gastgeber nach dem Seitenwechsel ihr Gl\u00fcck insbesondere in langen B\u00e4llen auf den bulligen St\u00fcrmer, der \u00fcber die gesamte Spieldauer aber zu keiner Sekunde von den beiden stark aufspielenden Innenverteidigern Stefan Dopheide und Gian-Luca Linstromberg aus dem Auge verloren wird.<\/p>\n<p>Im Gegensatz zu den Gastgebern, die sich keine richtig zwingende Aktion mehr erspielen k\u00f6nnen, kommt der Waldbadexpress in schnellen Umschaltmomenten immer wieder in\u2019s rollen. Die \u00dcberzahl bietet gleichzeitig gro\u00dfe R\u00e4ume f\u00fcr einige Kontersituationen, die lange Zeit leider ungenutzt bleiben und das Spiel so bis zehn Minuten vor dem Abpfiff noch einem Resthauch an Spannung verleihen. In Minute 82 ist es dann aber ein weiteres Mal Malte Gruner, der den ersten Dreier mit seinem dritten Treffer endg\u00fcltig unter Dach und Fach bringt. Wieder einmal profitiert der TuS von einem Ballgewinn, der im zentralen Mittelfeld bis tief in die gegnerische H\u00e4lfte vorgetragen und am Ende mit einem Pass in die Spitze zu Malte Gruner und einem cleveren Abschluss sp\u00e4ter veredelt wird. 3:0 &#8211; Schluss, Aus, Ende.<\/p>\n<p>Drei kleine, f\u00fcr die erneut zahlreichen Senner Anh\u00e4nger sehr wahrscheinlich sogar unscheinbar wirkende Szenen, sollen an dieser Stelle allerdings nicht verschwiegen werden. Die Einwechselungen von Henrik Eckseler, Dennis Ambrosius und Florian Helmke, die innerhalb der letzten 30 Minuten in die Partie geworfen worden sind, stehen stellvertretend f\u00fcr einen wichtigen Punkt in unserem Senner System: Mannschaftsdienlichkeit. Es ist absolut nicht selbstverst\u00e4ndlich, dass man sich im Anschluss an die Vorlesungen und Pr\u00fcfungsvorbereitungen in der Universit\u00e4t oder die langen Arbeitstage drei (!) Mal in der Woche f\u00fcr keinen einzigen Cent zum Platz begibt, um sich f\u00fcr den kommenden Sonntag den Allerwertesten aufzurei\u00dfen. Noch weniger selbstverst\u00e4ndlich ist es dann aber, nicht mit einem Startelf-Einsatz belohnt zu werden und sich trotzdem, ohne gro\u00dfes Murren, auf die Bank zu setzen und seine Teamkollegen und Freunde so von drau\u00dfen zu unterst\u00fctzen &#8211; gro\u00dfes Kino! Dies gilt nat\u00fcrlich f\u00fcr Alle, ob Nummer eins oder 18!<\/p>\n<p>Da ist er also, der erste Saisonsieg. Ja, es f\u00fchlt sich gut an, sich selber endlich zu belohnen. Und ja, wir genie\u00dfen diese kurze Momentaufnahme insbesondere aufgrund der psychisch zerm\u00fcrbenden Wochen zuvor f\u00fcr einen kurzen Augenblick. Dennoch w\u00e4re es fatal zu glauben, dass es nun jeden Sonntag so laufen wird. Wir sind zwar jung, aber dennoch clever genug, um einsch\u00e4tzen zu k\u00f6nnen, dass es nur so geht, wie am Sonntag. Es stand eine Mannschaft, eine Einheit auf dem Platz, die das Vorhaben umgesetzt und sich gegenseitig zu H\u00f6chstleistung angetrieben hat. Ab Dienstag hei\u00dft es dann erneut, das Feuer und den Willen im Training zu entfachen, um den Fokus auf die n\u00e4chste Aufgabe am kommenden Sonntag zu richten.<\/p>\n","protected":false},"excerpt":{"rendered":"<p>Ganze sechs Wochen musste der in den vergangenen Monaten oft und viel gelobte Waldbadexpress auf diesen einen erl\u00f6senden Moment warten. Nach sechs, vor allem psychisch schwer zu verarbeitende Wochen war es dann am vergangenen Sonntag soweit: Dank des 3:0-Erfolgs beim SC Hicret stehen die langersehnten ersten Punkte in der Bezirksliga auf der Habenseite! Entgegen unserer [&hellip;]<\/p>\n","protected":false},"author":1,"featured_media":0,"comment_status":"closed","ping_status":"closed","sticky":false,"template":"","format":"standard","meta":{"footnotes":""},"categories":[2],"tags":[],"class_list":["post-1407","post","type-post","status-publish","format-standard","hentry","category-spielberichte"],"_links":{"self":[{"href":"https:\/\/tus08senne1-fussball.de\/index.php?rest_route=\/wp\/v2\/posts\/1407","targetHints":{"allow":["GET"]}}],"collection":[{"href":"https:\/\/tus08senne1-fussball.de\/index.php?rest_route=\/wp\/v2\/posts"}],"about":[{"href":"https:\/\/tus08senne1-fussball.de\/index.php?rest_route=\/wp\/v2\/types\/post"}],"author":[{"embeddable":true,"href":"https:\/\/tus08senne1-fussball.de\/index.php?rest_route=\/wp\/v2\/users\/1"}],"replies":[{"embeddable":true,"href":"https:\/\/tus08senne1-fussball.de\/index.php?rest_route=%2Fwp%2Fv2%2Fcomments&post=1407"}],"version-history":[{"count":1,"href":"https:\/\/tus08senne1-fussball.de\/index.php?rest_route=\/wp\/v2\/posts\/1407\/revisions"}],"predecessor-version":[{"id":1408,"href":"https:\/\/tus08senne1-fussball.de\/index.php?rest_route=\/wp\/v2\/posts\/1407\/revisions\/1408"}],"wp:attachment":[{"href":"https:\/\/tus08senne1-fussball.de\/index.php?rest_route=%2Fwp%2Fv2%2Fmedia&parent=1407"}],"wp:term":[{"taxonomy":"category","embeddable":true,"href":"https:\/\/tus08senne1-fussball.de\/index.php?rest_route=%2Fwp%2Fv2%2Fcategories&post=1407"},{"taxonomy":"post_tag","embeddable":true,"href":"https:\/\/tus08senne1-fussball.de\/index.php?rest_route=%2Fwp%2Fv2%2Ftags&post=1407"}],"curies":[{"name":"wp","href":"https:\/\/api.w.org\/{rel}","templated":true}]}}